{"id":209,"date":"2021-10-25T13:22:01","date_gmt":"2021-10-25T11:22:01","guid":{"rendered":"https:\/\/innergo.space\/infrastruktura-energetyczna\/?p=209"},"modified":"2024-11-15T11:11:34","modified_gmt":"2024-11-15T10:11:34","slug":"zrobmy-sobie-smart-city-madrze","status":"publish","type":"post","link":"https:\/\/innergo.space\/infrastruktura-energetyczna\/zrobmy-sobie-smart-city-madrze\/","title":{"rendered":"Zr\u00f3bmy sobie &#8222;smart city&#8221; &#8211; m\u0105drze"},"content":{"rendered":"<h2>Kontrola i optymalizacja ruchu pojazd\u00f3w<\/h2>\n<p>W\u015br\u00f3d funkcji miasta, kt\u00f3re kwalifikuj\u0105 je do kategorii \u201esmart\u201d jest wiele bardzo prostych technicznie mechanizm\u00f3w, ale podwy\u017cszaj\u0105cych komfort \u017cycia jego mieszka\u0144c\u00f3w. Jako przyk\u0142ad najcz\u0119\u015bciej pada przyk\u0142ad lokalizacji pojazd\u00f3w komunikacji miejskiej i wy\u015bwietlanie informacji o przewidywanym czasie przyjazdu na przystanku. Otrzymujemy informacj\u0119 o czasie przewidywanym na podstawie rzeczywistego po\u0142o\u017cenia pojazdu, na kt\u00f3ry wp\u0142ywa ma ruch na ulicach, korki, prace drogowe, awarie, itp.<\/p>\n<p>Ale miasto \u201esmart\u201dnie poprzestaje tylko na tym. Kolejna mo\u017cliwo\u015b\u0107 to dodanie do analizy informacji o zape\u0142nieniu pojazd\u00f3w komunikacji miejskiej i liczbie os\u00f3b oczekuj\u0105cych na przystankach &#8211; je\u017celi wyposa\u017cymy pojazdy i przystanki w odpowiednie czujniki\/liczniki lub monitoring wizyjny z analiz\u0105 obrazu. Dzi\u0119ki temu mo\u017cna optymalizowa\u0107 nie tylko rozk\u0142ad jazdy, ale tak\u017ce wielko\u015b\u0107 pojazd\u00f3w kierowanych do ruchu na okre\u015blonych trasach i w okre\u015blonych godzinach.<\/p>\n<p style=\"text-align: center;\"><em>Wyobra\u017cam sobie nawet \u201esmart\u201d region, gdzie kilka miejscowo\u015bci wsp\u00f3\u0142pracuje ze sob\u0105, aby po\u0142\u0105czenia by\u0142y lepiej dopasowane do os\u00f3b przyje\u017cdzaj\u0105cych do pracy czy na wydarzenia artystyczne lub sportowe.<\/em><\/p>\n<p>Do tego mo\u017cemy doda\u0107 informacje dla przyje\u017cd\u017caj\u0105cych z innych miejscowo\u015bci. Wyobra\u017cam sobie nawet \u201esmart\u201d region, gdzie kilka miejscowo\u015bci wsp\u00f3\u0142pracuje ze sob\u0105, aby po\u0142\u0105czenia by\u0142y lepiej dopasowane do os\u00f3b przyje\u017cdzaj\u0105cych do pracy czy na wydarzenia artystyczne lub sportowe.<\/p>\n<h2><img loading=\"lazy\" decoding=\"async\" class=\"aligncenter wp-image-199 size-large lazyload\" data-src=\"https:\/\/innergo.space\/infrastruktura-energetyczna\/wp-content\/uploads\/2021\/10\/smart-city-1-1024x576.jpg\" alt=\"\" width=\"1024\" height=\"576\" data-srcset=\"https:\/\/innergo.space\/infrastruktura-energetyczna\/wp-content\/uploads\/2021\/10\/smart-city-1-1024x576.jpg 1024w, https:\/\/innergo.space\/infrastruktura-energetyczna\/wp-content\/uploads\/2021\/10\/smart-city-1-300x169.jpg 300w, https:\/\/innergo.space\/infrastruktura-energetyczna\/wp-content\/uploads\/2021\/10\/smart-city-1-768x432.jpg 768w, https:\/\/innergo.space\/infrastruktura-energetyczna\/wp-content\/uploads\/2021\/10\/smart-city-1-1536x864.jpg 1536w, https:\/\/innergo.space\/infrastruktura-energetyczna\/wp-content\/uploads\/2021\/10\/smart-city-1.jpg 1920w\" data-sizes=\"auto, (max-width: 1024px) 100vw, 1024px\" src=\"data:image\/gif;base64,R0lGODlhAQABAAAAACH5BAEKAAEALAAAAAABAAEAAAICTAEAOw==\" style=\"--smush-placeholder-width: 1024px; --smush-placeholder-aspect-ratio: 1024\/576;\" \/><noscript><img loading=\"lazy\" decoding=\"async\" class=\"aligncenter wp-image-199 size-large\" src=\"https:\/\/innergo.space\/infrastruktura-energetyczna\/wp-content\/uploads\/2021\/10\/smart-city-1-1024x576.jpg\" alt=\"\" width=\"1024\" height=\"576\" srcset=\"https:\/\/innergo.space\/infrastruktura-energetyczna\/wp-content\/uploads\/2021\/10\/smart-city-1-1024x576.jpg 1024w, https:\/\/innergo.space\/infrastruktura-energetyczna\/wp-content\/uploads\/2021\/10\/smart-city-1-300x169.jpg 300w, https:\/\/innergo.space\/infrastruktura-energetyczna\/wp-content\/uploads\/2021\/10\/smart-city-1-768x432.jpg 768w, https:\/\/innergo.space\/infrastruktura-energetyczna\/wp-content\/uploads\/2021\/10\/smart-city-1-1536x864.jpg 1536w, https:\/\/innergo.space\/infrastruktura-energetyczna\/wp-content\/uploads\/2021\/10\/smart-city-1.jpg 1920w\" sizes=\"auto, (max-width: 1024px) 100vw, 1024px\" \/><\/noscript><\/h2>\n<h2>Proste i skuteczne<\/h2>\n<p>Prozaicznym przyk\u0142adem dzia\u0142ania, kt\u00f3re mo\u017ce da\u0107 du\u017ce oszcz\u0119dno\u015bci w kosztach funkcjonowania s\u0142u\u017cb miejskich jest racjonalizacja procesu opr\u00f3\u017cniania publicznych koszy na \u015bmieci (tych instalowanych na ulicach czy w parkach). Polega to na instalacji sensor\u00f3w zape\u0142nienia koszy na \u015bmieci i zbieraniu z nich danych. Wbrew pozorom, taki prosty technicznie zabieg pozwala na zastosowanie ca\u0142kiem nowego podej\u015bcia do rozwi\u0105zywania problem\u00f3w \u2013 nie usprawniamy starych proces\u00f3w, ale wprowadzamy nowe, inne.<\/p>\n<p>Typowo, opr\u00f3\u017cnianie koszy na \u015bmieci odbywa si\u0119 wed\u0142ug zaplanowanych na sta\u0142e tras i termin\u00f3w. \u015amieciarki je\u017cd\u017c\u0105 okre\u015blonymi trasami, najcz\u0119\u015bciej w r\u00f3\u017cnych dniach po r\u00f3\u017cnych dzielnicach i zbieraj\u0105 \u015bmieci ze wszystkich koszy. Ale je\u017cd\u017c\u0105 tamt\u0119dy niezale\u017cnie od tego czy \u015bmieci s\u0105 czy nie. Natomiast monitorowanie ilo\u015bci \u015bmieci w koszach pozwala wyznacza\u0107 (i na bie\u017c\u0105co modyfikowa\u0107) takie trasy, na kt\u00f3rych znajduj\u0105 si\u0119 kosze wymagaj\u0105ce opr\u00f3\u017cnienia a omija\u0107 miejsca, gdzie nie ma jeszcze takiej potrzeby. Po jakim\u015b czasie funkcjonowania takiego systemu okazuje si\u0119, \u017ce liczb\u0119 kurs\u00f3w \u015bmieciarek mo\u017cna znacznie zmniejszy\u0107 (mniejsze koszty, mniej CO2, mniejsze zak\u0142\u00f3cenia ruchu w mie\u015bcie) a jednocze\u015bnie unikn\u0105\u0107 sytuacji przepe\u0142nienia koszy na \u015bmieci, psuj\u0105cych estetyk\u0119 miasta.<\/p>\n<p>Praktycznym i do\u015b\u0107 spektakularnym przypadkiem wykorzystania systemu waste management jest lotnisko w Dublinie, gdzie po instalacji 300 czujnik\u00f3w zape\u0142nienia koszy koszty ich opr\u00f3\u017cniania spad\u0142y o oko\u0142o 90%. Oczywi\u015bcie lotnisko ma swoj\u0105 specyfik\u0119 i nie mo\u017cna go por\u00f3wnywa\u0107 wprost do ca\u0142ego miasta, ale z drugiej strony \u2013 du\u017ce lotnisko ma liczb\u0119 koszy na \u015bmieci por\u00f3wnywaln\u0105 z ma\u0142ym miastem, wi\u0119c pewne analogie mo\u017cna zastosowa\u0107.<\/p>\n<h2>Od pomys\u0142u do realizacji<\/h2>\n<p>Na zagadnienie smart city mo\u017cna patrze\u0107 w kilku wymiarach. Wymiar pierwszy, najbardziej og\u00f3lny, to pewnego rodzaju filozofia roli miasta jako miejsca \u017cycia i pracy jego mieszka\u0144c\u00f3w z podkre\u015bleniem funkcji kulturotw\u00f3rczych, budowania wsp\u00f3lnoty i tworzenia warunk\u00f3w do rozwoju, innowacji i aktywno\u015bci. Wymiar drugi \u2013 funkcjonalny to spojrzenie ju\u017c na konkretne funkcje miasta i ich wzajemne powi\u0105zanie (bezpiecze\u0144stwo, ochrona zdrowia, transport publiczny, gospodarowanie wod\u0105, energi\u0105 i innymi mediami oraz odpadami itd.) Wymiar trzeci \u2013 techniczny, to systemy i rozwi\u0105zania realizuj\u0105ce poszczeg\u00f3lne funkcje, a wi\u0119c czujniki, liczniki, kamery, wy\u015bwietlacze i inne elementy wykonawcze, systemy transmisyjne do przekazywania danych i systemy informatyczne do ich obr\u00f3bki.<\/p>\n<p style=\"text-align: center;\"><em>&#8230; w ma\u0142ym lub \u015brednim mie\u015bcie mo\u017cemy je do\u015b\u0107 szybko i sprawnie realizowa\u0107 \u2013 niezale\u017cnie od tego, kt\u00f3ry model wybierzemy.\u00a0<\/em><\/p>\n<p>Wa\u017cne jest, aby projektuj\u0105c miasto smart i rozmawiaj\u0105c o jego rozwoju patrze\u0107 na wszystkie te wymiary a nie ogranicza\u0107 si\u0119 tylko do realizacji system\u00f3w IT, kt\u00f3re wprawdzie s\u0105 niezb\u0119dne do tego, aby realizowa\u0107 funkcje miasta sk\u0142adaj\u0105ce si\u0119 na jego filozofi\u0119 organizacji i dzia\u0142ania, ale stanowi\u0105 \u201enajni\u017cszy\u201d poziom w tej zarysowanej hierarchii. Trzeba wi\u0119c mie\u0107 \u015bwiadomo\u015b\u0107 do czego s\u0142u\u017c\u0105 i b\u0119d\u0105 s\u0142u\u017cy\u0107 i jak b\u0119d\u0105 wpisywa\u0107 si\u0119 w og\u00f3lniejszy obraz nowoczesnego miasta.\u00a0\u00a0Z drugiej strony, projekty smart city, kt\u00f3re rozpoczynaj\u0105 si\u0119 w\u0142a\u015bnie od realizacji konkretnej funkcji technicznej (na przyk\u0142ad sterowanie sygnalizacj\u0105 \u015bwietln\u0105 albo zarz\u0105dzanie o\u015bwietleniem ulicznym) tak\u017ce maj\u0105 uzasadnienie i mog\u0105 by\u0107 dobr\u0105 drog\u0105 do wej\u015bcia w \u015bwiat smart city, trzeba tylko pami\u0119ta\u0107, \u017ce na realizacji jednego czy kilku system\u00f3w ICT budowa smart city si\u0119 nie ko\u0144czy.<\/p>\n<p>Mo\u017cna wi\u0119c powiedzie\u0107, \u017ce zar\u00f3wno koncepcja budowy smart city na zasadzie \u201etop-down\u201d (od og\u00f3lnej koncepcji przez rozpisanie funkcji i projekt\u00f3w i potem wdra\u017canie rozwi\u0105za\u0144 technicznych) jak i \u201ebottom-up\u201d \u2013 kiedy zaczynamy od realizacji jakiego\u015b rozwi\u0105zania technicznego a potem je rozbudowujemy, tworzymy kolejne i \u0142\u0105czymy w sp\u00f3jn\u0105 ca\u0142o\u015b\u0107 \u2013 obie te koncepcje maj\u0105 swoje uzasadnienie. A w ma\u0142ym lub \u015brednim mie\u015bcie mo\u017cemy je do\u015b\u0107 szybko i sprawnie realizowa\u0107 \u2013 niezale\u017cnie od tego, kt\u00f3ry model wybierzemy.<\/p>\n<h2>Nie od razu Rzym zbudowano\u00a0\ud83d\ude42<\/h2>\n<p>Zawsze trzeba przy tym pami\u0119ta\u0107, \u017ce inteligentne miasto nie powstaje jednorazowo.<\/p>\n<p>Zawsze trzeba przy tym pami\u0119ta\u0107, \u017ce inteligentne miasto nie powstaje jednorazowo. Rozwija si\u0119 i powi\u0119ksza zakres swoich funkcji. Stosuje coraz bardziej zaawansowane mechanizmy i techniki, ale pod warunkiem, \u017ce sprawdzaj\u0105 si\u0119 one w praktyce. To co przydatne jest rozwijane i wzbogacane \u2013 to najlepsza droga do optymalnego wykorzystania dost\u0119pnego bud\u017cetu i rozwoju zgodnie z potrzebami.<\/p>\n<p>&nbsp;<\/p>\n","protected":false},"excerpt":{"rendered":"<p>Kontrola i optymalizacja ruchu pojazd\u00f3w W\u015br\u00f3d funkcji miasta, kt\u00f3re kwalifikuj\u0105 je do kategorii \u201esmart\u201d jest wiele bardzo prostych technicznie mechanizm\u00f3w, ale podwy\u017cszaj\u0105cych komfort \u017cycia jego mieszka\u0144c\u00f3w. Jako przyk\u0142ad najcz\u0119\u015bciej pada przyk\u0142ad lokalizacji pojazd\u00f3w komunikacji miejskiej i wy\u015bwietlanie informacji o przewidywanym czasie przyjazdu na przystanku. Otrzymujemy informacj\u0119 o czasie przewidywanym na podstawie rzeczywistego po\u0142o\u017cenia pojazdu, na &#8230; <\/p>\n","protected":false},"author":4,"featured_media":199,"comment_status":"open","ping_status":"open","sticky":false,"template":"","format":"standard","meta":{"footnotes":""},"categories":[17],"tags":[],"class_list":["post-209","post","type-post","status-publish","format-standard","has-post-thumbnail","hentry","category-aktualnosci"],"yoast_head":"<!-- This site is optimized with the Yoast SEO plugin v24.3 - https:\/\/yoast.com\/wordpress\/plugins\/seo\/ -->\n<title>Zr\u00f3bmy sobie &quot;smart city&quot; - m\u0105drze - Innergo Space<\/title>\n<meta name=\"robots\" content=\"index, follow, max-snippet:-1, max-image-preview:large, max-video-preview:-1\" \/>\n<link rel=\"canonical\" href=\"https:\/\/innergo.space\/infrastruktura-energetyczna\/zrobmy-sobie-smart-city-madrze\/\" \/>\n<meta property=\"og:locale\" content=\"pl_PL\" \/>\n<meta property=\"og:type\" content=\"article\" \/>\n<meta property=\"og:title\" content=\"Zr\u00f3bmy sobie &quot;smart city&quot; - m\u0105drze - Innergo Space\" \/>\n<meta property=\"og:description\" content=\"Kontrola i optymalizacja ruchu pojazd\u00f3w W\u015br\u00f3d funkcji miasta, kt\u00f3re kwalifikuj\u0105 je do kategorii \u201esmart\u201d jest wiele bardzo prostych technicznie mechanizm\u00f3w, ale podwy\u017cszaj\u0105cych komfort \u017cycia jego mieszka\u0144c\u00f3w. Jako przyk\u0142ad najcz\u0119\u015bciej pada przyk\u0142ad lokalizacji pojazd\u00f3w komunikacji miejskiej i wy\u015bwietlanie informacji o przewidywanym czasie przyjazdu na przystanku. Otrzymujemy informacj\u0119 o czasie przewidywanym na podstawie rzeczywistego po\u0142o\u017cenia pojazdu, na ...\" \/>\n<meta property=\"og:url\" content=\"https:\/\/innergo.space\/infrastruktura-energetyczna\/zrobmy-sobie-smart-city-madrze\/\" \/>\n<meta property=\"og:site_name\" content=\"Innergo Space\" \/>\n<meta property=\"article:published_time\" content=\"2021-10-25T11:22:01+00:00\" \/>\n<meta property=\"article:modified_time\" content=\"2024-11-15T10:11:34+00:00\" \/>\n<meta property=\"og:image\" content=\"https:\/\/innergo.space\/infrastruktura-energetyczna\/wp-content\/uploads\/2021\/10\/smart-city-1.jpg\" \/>\n\t<meta property=\"og:image:width\" content=\"1920\" \/>\n\t<meta property=\"og:image:height\" content=\"1080\" \/>\n\t<meta property=\"og:image:type\" content=\"image\/jpeg\" \/>\n<meta name=\"author\" content=\"INNERGO.Space Team\" \/>\n<meta name=\"twitter:card\" content=\"summary_large_image\" \/>\n<meta name=\"twitter:label1\" content=\"Napisane przez\" \/>\n\t<meta name=\"twitter:data1\" content=\"INNERGO.Space Team\" \/>\n\t<meta name=\"twitter:label2\" content=\"Szacowany czas czytania\" \/>\n\t<meta name=\"twitter:data2\" content=\"5 minut\" \/>\n<script type=\"application\/ld+json\" class=\"yoast-schema-graph\">{\"@context\":\"https:\/\/schema.org\",\"@graph\":[{\"@type\":\"Article\",\"@id\":\"https:\/\/innergo.space\/infrastruktura-energetyczna\/zrobmy-sobie-smart-city-madrze\/#article\",\"isPartOf\":{\"@id\":\"https:\/\/innergo.space\/infrastruktura-energetyczna\/zrobmy-sobie-smart-city-madrze\/\"},\"author\":{\"name\":\"INNERGO.Space Team\",\"@id\":\"https:\/\/innergo.space\/#\/schema\/person\/1f01517207e96859764cef263ac40737\"},\"headline\":\"Zr\u00f3bmy sobie &#8222;smart city&#8221; &#8211; m\u0105drze\",\"datePublished\":\"2021-10-25T11:22:01+00:00\",\"dateModified\":\"2024-11-15T10:11:34+00:00\",\"mainEntityOfPage\":{\"@id\":\"https:\/\/innergo.space\/infrastruktura-energetyczna\/zrobmy-sobie-smart-city-madrze\/\"},\"wordCount\":1004,\"commentCount\":0,\"publisher\":{\"@id\":\"https:\/\/innergo.space\/#organization\"},\"image\":{\"@id\":\"https:\/\/innergo.space\/infrastruktura-energetyczna\/zrobmy-sobie-smart-city-madrze\/#primaryimage\"},\"thumbnailUrl\":\"https:\/\/innergo.space\/infrastruktura-energetyczna\/wp-content\/uploads\/2021\/10\/smart-city-1.jpg\",\"articleSection\":[\"Aktualno\u015bci\"],\"inLanguage\":\"pl-PL\",\"potentialAction\":[{\"@type\":\"CommentAction\",\"name\":\"Comment\",\"target\":[\"https:\/\/innergo.space\/infrastruktura-energetyczna\/zrobmy-sobie-smart-city-madrze\/#respond\"]}]},{\"@type\":\"WebPage\",\"@id\":\"https:\/\/innergo.space\/infrastruktura-energetyczna\/zrobmy-sobie-smart-city-madrze\/\",\"url\":\"https:\/\/innergo.space\/infrastruktura-energetyczna\/zrobmy-sobie-smart-city-madrze\/\",\"name\":\"Zr\u00f3bmy sobie \\\"smart city\\\" - m\u0105drze - Innergo Space\",\"isPartOf\":{\"@id\":\"https:\/\/innergo.space\/#website\"},\"primaryImageOfPage\":{\"@id\":\"https:\/\/innergo.space\/infrastruktura-energetyczna\/zrobmy-sobie-smart-city-madrze\/#primaryimage\"},\"image\":{\"@id\":\"https:\/\/innergo.space\/infrastruktura-energetyczna\/zrobmy-sobie-smart-city-madrze\/#primaryimage\"},\"thumbnailUrl\":\"https:\/\/innergo.space\/infrastruktura-energetyczna\/wp-content\/uploads\/2021\/10\/smart-city-1.jpg\",\"datePublished\":\"2021-10-25T11:22:01+00:00\",\"dateModified\":\"2024-11-15T10:11:34+00:00\",\"breadcrumb\":{\"@id\":\"https:\/\/innergo.space\/infrastruktura-energetyczna\/zrobmy-sobie-smart-city-madrze\/#breadcrumb\"},\"inLanguage\":\"pl-PL\",\"potentialAction\":[{\"@type\":\"ReadAction\",\"target\":[\"https:\/\/innergo.space\/infrastruktura-energetyczna\/zrobmy-sobie-smart-city-madrze\/\"]}]},{\"@type\":\"ImageObject\",\"inLanguage\":\"pl-PL\",\"@id\":\"https:\/\/innergo.space\/infrastruktura-energetyczna\/zrobmy-sobie-smart-city-madrze\/#primaryimage\",\"url\":\"https:\/\/innergo.space\/infrastruktura-energetyczna\/wp-content\/uploads\/2021\/10\/smart-city-1.jpg\",\"contentUrl\":\"https:\/\/innergo.space\/infrastruktura-energetyczna\/wp-content\/uploads\/2021\/10\/smart-city-1.jpg\",\"width\":1920,\"height\":1080},{\"@type\":\"BreadcrumbList\",\"@id\":\"https:\/\/innergo.space\/infrastruktura-energetyczna\/zrobmy-sobie-smart-city-madrze\/#breadcrumb\",\"itemListElement\":[{\"@type\":\"ListItem\",\"position\":1,\"name\":\"Strona g\u0142\u00f3wna\",\"item\":\"http:\/\/innergo.space\/\"},{\"@type\":\"ListItem\",\"position\":2,\"name\":\"Zr\u00f3bmy sobie &#8222;smart city&#8221; &#8211; m\u0105drze\"}]},{\"@type\":\"WebSite\",\"@id\":\"https:\/\/innergo.space\/#website\",\"url\":\"https:\/\/innergo.space\/\",\"name\":\"Innergo Space\",\"description\":\"\",\"publisher\":{\"@id\":\"https:\/\/innergo.space\/#organization\"},\"potentialAction\":[{\"@type\":\"SearchAction\",\"target\":{\"@type\":\"EntryPoint\",\"urlTemplate\":\"https:\/\/innergo.space\/?s={search_term_string}\"},\"query-input\":{\"@type\":\"PropertyValueSpecification\",\"valueRequired\":true,\"valueName\":\"search_term_string\"}}],\"inLanguage\":\"pl-PL\"},{\"@type\":\"Organization\",\"@id\":\"https:\/\/innergo.space\/#organization\",\"name\":\"Innergo Space\",\"url\":\"https:\/\/innergo.space\/\",\"logo\":{\"@type\":\"ImageObject\",\"inLanguage\":\"pl-PL\",\"@id\":\"https:\/\/innergo.space\/#\/schema\/logo\/image\/\",\"url\":\"https:\/\/innergo.space\/infrastruktura-energetyczna\/wp-content\/uploads\/2021\/10\/INNERGO-SPACE.png\",\"contentUrl\":\"https:\/\/innergo.space\/infrastruktura-energetyczna\/wp-content\/uploads\/2021\/10\/INNERGO-SPACE.png\",\"width\":602,\"height\":77,\"caption\":\"Innergo Space\"},\"image\":{\"@id\":\"https:\/\/innergo.space\/#\/schema\/logo\/image\/\"}},{\"@type\":\"Person\",\"@id\":\"https:\/\/innergo.space\/#\/schema\/person\/1f01517207e96859764cef263ac40737\",\"name\":\"INNERGO.Space Team\",\"image\":{\"@type\":\"ImageObject\",\"inLanguage\":\"pl-PL\",\"@id\":\"https:\/\/innergo.space\/#\/schema\/person\/image\/\",\"url\":\"https:\/\/secure.gravatar.com\/avatar\/b6aa169e82406ad833710b192ec2772c?s=96&d=mm&r=g\",\"contentUrl\":\"https:\/\/secure.gravatar.com\/avatar\/b6aa169e82406ad833710b192ec2772c?s=96&d=mm&r=g\",\"caption\":\"INNERGO.Space Team\"},\"url\":\"https:\/\/innergo.space\/infrastruktura-energetyczna\/author\/innergo_admin\/\"}]}<\/script>\n<!-- \/ Yoast SEO plugin. -->","yoast_head_json":{"title":"Zr\u00f3bmy sobie \"smart city\" - m\u0105drze - Innergo Space","robots":{"index":"index","follow":"follow","max-snippet":"max-snippet:-1","max-image-preview":"max-image-preview:large","max-video-preview":"max-video-preview:-1"},"canonical":"https:\/\/innergo.space\/infrastruktura-energetyczna\/zrobmy-sobie-smart-city-madrze\/","og_locale":"pl_PL","og_type":"article","og_title":"Zr\u00f3bmy sobie \"smart city\" - m\u0105drze - Innergo Space","og_description":"Kontrola i optymalizacja ruchu pojazd\u00f3w W\u015br\u00f3d funkcji miasta, kt\u00f3re kwalifikuj\u0105 je do kategorii \u201esmart\u201d jest wiele bardzo prostych technicznie mechanizm\u00f3w, ale podwy\u017cszaj\u0105cych komfort \u017cycia jego mieszka\u0144c\u00f3w. Jako przyk\u0142ad najcz\u0119\u015bciej pada przyk\u0142ad lokalizacji pojazd\u00f3w komunikacji miejskiej i wy\u015bwietlanie informacji o przewidywanym czasie przyjazdu na przystanku. Otrzymujemy informacj\u0119 o czasie przewidywanym na podstawie rzeczywistego po\u0142o\u017cenia pojazdu, na ...","og_url":"https:\/\/innergo.space\/infrastruktura-energetyczna\/zrobmy-sobie-smart-city-madrze\/","og_site_name":"Innergo Space","article_published_time":"2021-10-25T11:22:01+00:00","article_modified_time":"2024-11-15T10:11:34+00:00","og_image":[{"width":1920,"height":1080,"url":"https:\/\/innergo.space\/infrastruktura-energetyczna\/wp-content\/uploads\/2021\/10\/smart-city-1.jpg","type":"image\/jpeg"}],"author":"INNERGO.Space Team","twitter_card":"summary_large_image","twitter_misc":{"Napisane przez":"INNERGO.Space Team","Szacowany czas czytania":"5 minut"},"schema":{"@context":"https:\/\/schema.org","@graph":[{"@type":"Article","@id":"https:\/\/innergo.space\/infrastruktura-energetyczna\/zrobmy-sobie-smart-city-madrze\/#article","isPartOf":{"@id":"https:\/\/innergo.space\/infrastruktura-energetyczna\/zrobmy-sobie-smart-city-madrze\/"},"author":{"name":"INNERGO.Space Team","@id":"https:\/\/innergo.space\/#\/schema\/person\/1f01517207e96859764cef263ac40737"},"headline":"Zr\u00f3bmy sobie &#8222;smart city&#8221; &#8211; m\u0105drze","datePublished":"2021-10-25T11:22:01+00:00","dateModified":"2024-11-15T10:11:34+00:00","mainEntityOfPage":{"@id":"https:\/\/innergo.space\/infrastruktura-energetyczna\/zrobmy-sobie-smart-city-madrze\/"},"wordCount":1004,"commentCount":0,"publisher":{"@id":"https:\/\/innergo.space\/#organization"},"image":{"@id":"https:\/\/innergo.space\/infrastruktura-energetyczna\/zrobmy-sobie-smart-city-madrze\/#primaryimage"},"thumbnailUrl":"https:\/\/innergo.space\/infrastruktura-energetyczna\/wp-content\/uploads\/2021\/10\/smart-city-1.jpg","articleSection":["Aktualno\u015bci"],"inLanguage":"pl-PL","potentialAction":[{"@type":"CommentAction","name":"Comment","target":["https:\/\/innergo.space\/infrastruktura-energetyczna\/zrobmy-sobie-smart-city-madrze\/#respond"]}]},{"@type":"WebPage","@id":"https:\/\/innergo.space\/infrastruktura-energetyczna\/zrobmy-sobie-smart-city-madrze\/","url":"https:\/\/innergo.space\/infrastruktura-energetyczna\/zrobmy-sobie-smart-city-madrze\/","name":"Zr\u00f3bmy sobie \"smart city\" - m\u0105drze - Innergo Space","isPartOf":{"@id":"https:\/\/innergo.space\/#website"},"primaryImageOfPage":{"@id":"https:\/\/innergo.space\/infrastruktura-energetyczna\/zrobmy-sobie-smart-city-madrze\/#primaryimage"},"image":{"@id":"https:\/\/innergo.space\/infrastruktura-energetyczna\/zrobmy-sobie-smart-city-madrze\/#primaryimage"},"thumbnailUrl":"https:\/\/innergo.space\/infrastruktura-energetyczna\/wp-content\/uploads\/2021\/10\/smart-city-1.jpg","datePublished":"2021-10-25T11:22:01+00:00","dateModified":"2024-11-15T10:11:34+00:00","breadcrumb":{"@id":"https:\/\/innergo.space\/infrastruktura-energetyczna\/zrobmy-sobie-smart-city-madrze\/#breadcrumb"},"inLanguage":"pl-PL","potentialAction":[{"@type":"ReadAction","target":["https:\/\/innergo.space\/infrastruktura-energetyczna\/zrobmy-sobie-smart-city-madrze\/"]}]},{"@type":"ImageObject","inLanguage":"pl-PL","@id":"https:\/\/innergo.space\/infrastruktura-energetyczna\/zrobmy-sobie-smart-city-madrze\/#primaryimage","url":"https:\/\/innergo.space\/infrastruktura-energetyczna\/wp-content\/uploads\/2021\/10\/smart-city-1.jpg","contentUrl":"https:\/\/innergo.space\/infrastruktura-energetyczna\/wp-content\/uploads\/2021\/10\/smart-city-1.jpg","width":1920,"height":1080},{"@type":"BreadcrumbList","@id":"https:\/\/innergo.space\/infrastruktura-energetyczna\/zrobmy-sobie-smart-city-madrze\/#breadcrumb","itemListElement":[{"@type":"ListItem","position":1,"name":"Strona g\u0142\u00f3wna","item":"http:\/\/innergo.space\/"},{"@type":"ListItem","position":2,"name":"Zr\u00f3bmy sobie &#8222;smart city&#8221; &#8211; m\u0105drze"}]},{"@type":"WebSite","@id":"https:\/\/innergo.space\/#website","url":"https:\/\/innergo.space\/","name":"Innergo Space","description":"","publisher":{"@id":"https:\/\/innergo.space\/#organization"},"potentialAction":[{"@type":"SearchAction","target":{"@type":"EntryPoint","urlTemplate":"https:\/\/innergo.space\/?s={search_term_string}"},"query-input":{"@type":"PropertyValueSpecification","valueRequired":true,"valueName":"search_term_string"}}],"inLanguage":"pl-PL"},{"@type":"Organization","@id":"https:\/\/innergo.space\/#organization","name":"Innergo Space","url":"https:\/\/innergo.space\/","logo":{"@type":"ImageObject","inLanguage":"pl-PL","@id":"https:\/\/innergo.space\/#\/schema\/logo\/image\/","url":"https:\/\/innergo.space\/infrastruktura-energetyczna\/wp-content\/uploads\/2021\/10\/INNERGO-SPACE.png","contentUrl":"https:\/\/innergo.space\/infrastruktura-energetyczna\/wp-content\/uploads\/2021\/10\/INNERGO-SPACE.png","width":602,"height":77,"caption":"Innergo Space"},"image":{"@id":"https:\/\/innergo.space\/#\/schema\/logo\/image\/"}},{"@type":"Person","@id":"https:\/\/innergo.space\/#\/schema\/person\/1f01517207e96859764cef263ac40737","name":"INNERGO.Space Team","image":{"@type":"ImageObject","inLanguage":"pl-PL","@id":"https:\/\/innergo.space\/#\/schema\/person\/image\/","url":"https:\/\/secure.gravatar.com\/avatar\/b6aa169e82406ad833710b192ec2772c?s=96&d=mm&r=g","contentUrl":"https:\/\/secure.gravatar.com\/avatar\/b6aa169e82406ad833710b192ec2772c?s=96&d=mm&r=g","caption":"INNERGO.Space Team"},"url":"https:\/\/innergo.space\/infrastruktura-energetyczna\/author\/innergo_admin\/"}]}},"_links":{"self":[{"href":"https:\/\/innergo.space\/infrastruktura-energetyczna\/wp-json\/wp\/v2\/posts\/209","targetHints":{"allow":["GET"]}}],"collection":[{"href":"https:\/\/innergo.space\/infrastruktura-energetyczna\/wp-json\/wp\/v2\/posts"}],"about":[{"href":"https:\/\/innergo.space\/infrastruktura-energetyczna\/wp-json\/wp\/v2\/types\/post"}],"author":[{"embeddable":true,"href":"https:\/\/innergo.space\/infrastruktura-energetyczna\/wp-json\/wp\/v2\/users\/4"}],"replies":[{"embeddable":true,"href":"https:\/\/innergo.space\/infrastruktura-energetyczna\/wp-json\/wp\/v2\/comments?post=209"}],"version-history":[{"count":1,"href":"https:\/\/innergo.space\/infrastruktura-energetyczna\/wp-json\/wp\/v2\/posts\/209\/revisions"}],"predecessor-version":[{"id":210,"href":"https:\/\/innergo.space\/infrastruktura-energetyczna\/wp-json\/wp\/v2\/posts\/209\/revisions\/210"}],"wp:featuredmedia":[{"embeddable":true,"href":"https:\/\/innergo.space\/infrastruktura-energetyczna\/wp-json\/wp\/v2\/media\/199"}],"wp:attachment":[{"href":"https:\/\/innergo.space\/infrastruktura-energetyczna\/wp-json\/wp\/v2\/media?parent=209"}],"wp:term":[{"taxonomy":"category","embeddable":true,"href":"https:\/\/innergo.space\/infrastruktura-energetyczna\/wp-json\/wp\/v2\/categories?post=209"},{"taxonomy":"post_tag","embeddable":true,"href":"https:\/\/innergo.space\/infrastruktura-energetyczna\/wp-json\/wp\/v2\/tags?post=209"}],"curies":[{"name":"wp","href":"https:\/\/api.w.org\/{rel}","templated":true}]}}