{"id":218,"date":"2021-10-28T09:43:30","date_gmt":"2021-10-28T07:43:30","guid":{"rendered":"https:\/\/innergo.space\/infrastruktura-energetyczna\/?p=218"},"modified":"2024-11-15T14:50:27","modified_gmt":"2024-11-15T13:50:27","slug":"czy-male-miasto-moze-byc-smart-city","status":"publish","type":"post","link":"https:\/\/innergo.space\/infrastruktura-energetyczna\/czy-male-miasto-moze-byc-smart-city\/","title":{"rendered":"Czy ma\u0142e miasto mo\u017ce by\u0107 Smart City?"},"content":{"rendered":"<p><img loading=\"lazy\" decoding=\"async\" class=\"aligncenter size-large wp-image-211 lazyload\" data-src=\"https:\/\/innergo.space\/infrastruktura-energetyczna\/wp-content\/uploads\/2021\/10\/1635148391440-1024x681.jpeg\" alt=\"\" width=\"1024\" height=\"681\" data-srcset=\"https:\/\/innergo.space\/infrastruktura-energetyczna\/wp-content\/uploads\/2021\/10\/1635148391440-1024x681.jpeg 1024w, https:\/\/innergo.space\/infrastruktura-energetyczna\/wp-content\/uploads\/2021\/10\/1635148391440-300x200.jpeg 300w, https:\/\/innergo.space\/infrastruktura-energetyczna\/wp-content\/uploads\/2021\/10\/1635148391440-768x511.jpeg 768w, https:\/\/innergo.space\/infrastruktura-energetyczna\/wp-content\/uploads\/2021\/10\/1635148391440.jpeg 1082w\" data-sizes=\"auto, (max-width: 1024px) 100vw, 1024px\" src=\"data:image\/gif;base64,R0lGODlhAQABAAAAACH5BAEKAAEALAAAAAABAAEAAAICTAEAOw==\" style=\"--smush-placeholder-width: 1024px; --smush-placeholder-aspect-ratio: 1024\/681;\" \/><noscript><img loading=\"lazy\" decoding=\"async\" class=\"aligncenter size-large wp-image-211\" src=\"https:\/\/innergo.space\/infrastruktura-energetyczna\/wp-content\/uploads\/2021\/10\/1635148391440-1024x681.jpeg\" alt=\"\" width=\"1024\" height=\"681\" srcset=\"https:\/\/innergo.space\/infrastruktura-energetyczna\/wp-content\/uploads\/2021\/10\/1635148391440-1024x681.jpeg 1024w, https:\/\/innergo.space\/infrastruktura-energetyczna\/wp-content\/uploads\/2021\/10\/1635148391440-300x200.jpeg 300w, https:\/\/innergo.space\/infrastruktura-energetyczna\/wp-content\/uploads\/2021\/10\/1635148391440-768x511.jpeg 768w, https:\/\/innergo.space\/infrastruktura-energetyczna\/wp-content\/uploads\/2021\/10\/1635148391440.jpeg 1082w\" sizes=\"auto, (max-width: 1024px) 100vw, 1024px\" \/><\/noscript><\/p>\n<p style=\"text-align: center;\">Krosno, foto: Janalexandernovalis<\/p>\n<p><strong>Po co smart w ma\u0142ym mie\u015bcie, przecie\u017c jest \u2026 ma\u0142e? Tylko pytanie co oznacza ma\u0142e w przypadku miasta. Wg G\u0142\u00f3wnego Urz\u0119du Statystycznego w Polsce na dzie\u0144 1 stycznia 2021 by\u0142y 954 miasta. Z czego oko\u0142o 685 to miasta o liczbie mieszka\u0144c\u00f3w poni\u017cej 20 tys. I te miast w\u0142a\u015bnie okre\u015blane s\u0105 jako ma\u0142e. Kolejna grupa to miasta tzw. \u015brednie licz\u0105ce od 20 do 100 tys. mieszka\u0144c\u00f3w.<\/strong><\/p>\n<p>Je\u017celi spojrzymy na koncepcj\u0119 Smart City ca\u0142o\u015bciowo, jako miasta przyjaznego mieszka\u0144com, daj\u0105cego im komfort \u017cycia i pracy dzi\u0119ki zastosowaniu najnowszych osi\u0105gni\u0119\u0107 techniki IT wykorzystywanych w sprawnie zorganizowanym i nowocze\u015bnie zarz\u0105dzanym organizmie, to jak najbardziej, ma\u0142e miasto powinno by\u0107 smart.<\/p>\n<p>Ma\u0142e miasto nie mo\u017ce wprawdzie zaoferowa\u0107 pewnych atrakcji i cech charakterystycznych dla du\u017cych metropolii &#8211; bo jest na to za ma\u0142e &#8211; ale mo\u017ce zaoferowa\u0107 por\u00f3wnywalny lub wy\u017cszy standard \u017cycia, mieszkania, wypoczywania, przemieszczania si\u0119 itd. Wszystkich tych codziennych czynno\u015bci, kt\u00f3re sk\u0142adaj\u0105 si\u0119 na og\u00f3lnie rozumiane poczucie komfortu, zadowolenia i szcz\u0119\u015bcia. Mo\u017ce si\u0119 wydawa\u0107, \u017ce to zbyt patetyczne \u2013 cz\u0119\u015bciej Smart City rozumiemy jako zesp\u00f3\u0142 system\u00f3w o charakterze technicznym, z du\u017cym nasyceniem ICT, wyrafinowanym oprogramowaniem i systemami sterowania, zarz\u0105dzania, wizualizacji\u2026<\/p>\n<h2>Smart City czyli pe\u0142ne technologii?<\/h2>\n<p>Nie. Takie rozumienie smart city przy projektowaniu naszego inteligentnego miasta by\u0142oby krokiem wstecz. Tak na te zagadnienia patrzyli\u015bmy 10 czy 15 lat temu, kiedy pierwsze, pionierskie zastosowania inteligentnych rozwi\u0105za\u0144 w miastach torowa\u0142y drog\u0119 ca\u0142ej koncepcji smart city. To by\u0142o podej\u015bcie na zasadzie: mamy technologi\u0119, wykorzystajmy j\u0105. Zbudujmy system sterowania ruchem, o\u015bwietleniem, energi\u0105 itp. I to dzia\u0142a\u0142o. W literaturze ten etap nazywany jest Smart City 1.0 \u2013 z g\u0142\u00f3wn\u0105 jego cech\u0105, \u017ce to technologia (i jej dostawcy) byli inicjatorami projekt\u00f3w. Potem przyszed\u0142 czas na Smart City 2.0, kiedy to ju\u017c miasto, bardziej \u015bwiadome tego co mo\u017cna uzyska\u0107, tworzy strategi\u0119 bycia smart i wyznacza drog\u0119 jak\u0105 b\u0119dzie pod\u0105\u017ca\u0107. Na tym etapie inicjatorem i pomys\u0142odawc\u0105 s\u0105 w\u0142adze samorz\u0105dowe, kt\u00f3re mog\u0105 (cho\u0107 nie zawsze to robi\u0105) p\u0142ynnie przej\u015b\u0107 do trzeciego etapu: SmartCity 3.0, w kt\u00f3rym podmiotow\u0105 rol\u0119 odgrywaj\u0105 mieszka\u0144cy. To mieszka\u0144cy inicjuj\u0105 lub wybieraj\u0105 dzia\u0142ania jakie miasto podejmie. A miasto koordynuje projekty i zatrudnia do nich dostawc\u00f3w i integrator\u00f3w IT. Bo oczywi\u015bcie, bez IT inteligentnego miasta zbudowa\u0107 si\u0119 nie da.<\/p>\n<h2>&#8222;Smartne&#8221; czyli wygodne<\/h2>\n<p>W\u015br\u00f3d funkcji miasta, kt\u00f3re kwalifikuj\u0105 je do kategorii \u201esmart\u201d jest wiele bardzo prostych technicznie mechanizm\u00f3w, ale podwy\u017cszaj\u0105cych komfort mieszka\u0144c\u00f3w. Jako przyk\u0142ad mo\u017cna poda\u0107 lokalizacj\u0119 pojazd\u00f3w komunikacji miejskiej i wy\u015bwietlanie informacji o przewidywanym czasie przyjazdu na przystanku \u2013 informacja o przewidywanym czasie na podstawie rzeczywistego po\u0142o\u017cenia pojazdu, a w bardziej zaawansowanej wersji tak\u017ce na podstawie informacji o ruchu na poszczeg\u00f3lnych ulicach, korkach, utrudnieniach itp.<\/p>\n<p>Mo\u017cna sobie zatem wyobrazi\u0107 kolejne zastosowania danych zbieranych na temat ruchu ludzi i pojazd\u00f3w w po\u0142\u0105czeniu np. z rejestracj\u0105 do przychodni. Je\u017celi sprawnie to zintegrowa\u0107, to osoba, kt\u00f3ra ma um\u00f3wion\u0105 wizyt\u0119 lekarsk\u0105 dostanie informacj\u0119 o najbardziej optymalnej porze wyjazdu i drodze, kt\u00f3r\u0105 warto wybra\u0107. Z czasem mo\u017cemy powi\u0105za\u0107 to nawet z wyj\u015bciem do fryzjera czy kosmetyczki. Centralny portal do zamawiania i rezerwacji w mie\u015bcie po\u0142\u0105czony z monitoringiem ruchu \u2013 dlaczego nie. Mo\u017ce to jest dobre rozwi\u0105zanie.<\/p>\n<h2>Wszystko mo\u017ce by\u0107 wszystkim<\/h2>\n<p>Oczywi\u015bcie monitorowanie ruchu to tylko jeden przyk\u0142ad jak mo\u017cna modernizowa\u0107 istniej\u0105ce wyposa\u017cenie miasta w kierunku miasta smart \u2013 miasta po\u0142\u0105czonego. Takiej modernizacji mo\u017cna poddawa\u0107 bardzo wiele element\u00f3w ma\u0142ej architektury miejskiej. Dzi\u0119ki temu, \u017ce staj\u0105 si\u0119 po\u0142\u0105czone, staj\u0105 si\u0119 bardziej u\u017cyteczne. Mog\u0105 tak\u017ce spe\u0142nia\u0107 inne ni\u017c dotychczas funkcje. Wszystko mo\u017ce by\u0107 wszystkim. Lampa uliczna, \u0142awka w parku, przystanek autobusowy, samoobs\u0142ugowy kiosk, automat biletowy itd. Mo\u017cemy wymienia\u0107 kolejne przyk\u0142ady, dla kt\u00f3rych charakterystyczna jest wielo\u015b\u0107 funkcji i ich mieszanie si\u0119. Ka\u017cdy z tych element\u00f3w ma\u0142ej architektury mo\u017ce pe\u0142ni\u0107 dodatkowe funkcje: stacja \u0142adowania telefon\u00f3w (czy rower\u00f3w elektrycznych), hotspot WiFi, punkt informacyjny, pikokom\u00f3rka 5G, punkt monitoringu wizyjnego, mikrostacja pomiarowa (mierz\u0105ca parametry \u015brodowiska, ruch uliczny czy inne interesuj\u0105ce nas wielko\u015bci) \u2013 to przyk\u0142adowe zastosowania. Kolejne zastosowania to te, kt\u00f3rych jeszcze nie znamy, ale w kt\u00f3rych te urz\u0105dzenia dobrze si\u0119 odnajd\u0105 jako ju\u017c skomunikowane ze \u015bwiatem.<\/p>\n<h2>Wszyscy mog\u0105 wymy\u015bli\u0107 wszystko<\/h2>\n<p>To nie jest tak, \u017ce tylko w\u0142odarze miasta mog\u0105 wpada\u0107 na dobre pomys\u0142y jak uczyni\u0107 miasto bardziej smart i oni te pomys\u0142y b\u0119d\u0105 realizowa\u0107. Wr\u0119cz przeciwnie. W dobrze zarz\u0105dzanych smart miastach samorz\u0105dy widz\u0105 swoj\u0105 rol\u0119 jako organizatora i koordynatora a inicjatyw\u0119 oddaj\u0105 w r\u0119ce mieszka\u0144c\u00f3w i lokalnego biznesu. Skoro ju\u017c mamy mn\u00f3stwo inteligentnych urz\u0105dze\u0144 w ca\u0142ym mie\u015bcie, dane z tych urz\u0105dze\u0144 s\u0105 dost\u0119pne w chmurze to udost\u0119pnijmy otwarte interfejsy, z kt\u00f3rych b\u0119d\u0105 mogli skorzysta\u0107 ci, kt\u00f3rzy b\u0119d\u0105 mieli pomys\u0142 na ich wykorzystanie. W ten spos\u00f3b rodz\u0105 si\u0119 nowe aplikacje i nowe sposoby wykorzystania tego co ju\u017c mamy. Taka otwarto\u015b\u0107 na lokalne inicjatywy i udost\u0119pnianie miejskich danych s\u0105 wskazywane jako wa\u017cne elementy w rozwoju miast. Trzeba o tym pami\u0119ta\u0107.<\/p>\n<p>A nawi\u0105zuj\u0105c do tematu przewodniego \u2013 w ma\u0142ym lub \u015brednim mie\u015bcie \u0142atwiej taki pomys\u0142 wdro\u017cy\u0107 w instalacji pilotowej a potem budowa\u0107 do\u015bwiadczenie i tworzy\u0107 komercyjne rozwi\u0105zania, kt\u00f3re mo\u017cna zaoferowa\u0107 innym, tak\u017ce wi\u0119kszym miastom (pod warunkiem, \u017ce projektuj\u0105c we\u017amiemy pod uwag\u0119 wymagania zwi\u0105zane ze skalowaniem i p\u00f3\u017aniejszym rozwojem). To taka samonap\u0119dzaj\u0105ca si\u0119 maszyna lokalnej inicjatywy, biznesu i korzy\u015bci dla mieszka\u0144c\u00f3w.<\/p>\n<h2>Ma\u0142e miasto ma prawo by\u0107 \u201esmart\u201d<\/h2>\n<p>Ma\u0142e miasta z definicji s\u0105 w\u0142a\u015bciwie bardziej smart ni\u017c miasta wielkie, bo powszechnie uwa\u017ca si\u0119, \u017ce zapewniaj\u0105 zdrowszy tryb \u017cycia \u2013 zar\u00f3wno je\u015bli chodzi o warunki \u015brodowiskowe (mniej zanieczyszczone lub czyste powietrze, wi\u0119cej zieleni, blisko\u015b\u0107 teren\u00f3w rekreacyjnych i wypoczynkowych itp., jak i pod wzgl\u0119dem og\u00f3lnie rozumianego spokoju \u2013 mniejszy ruch, po\u015bpiech, zat\u0142oczenie.<\/p>\n<p>Wielko\u015b\u0107 miasta jest spraw\u0105 drugorz\u0119dn\u0105. Ka\u017cde miasto mo\u017ce by\u0107 smart. Co wi\u0119cej, miasta ma\u0142e i \u015brednie dzi\u0119ki temu, \u017ce s\u0105 organizacjami bardziej elastycznymi i dynamicznymi ni\u017c wielkie metropolie mog\u0105 \u0142atwiej wprowadza\u0107 te, charakterystyczne dla najnowszych koncepcji smart city mechanizmy, bo s\u0105 to przede wszystkim mechanizmy o charakterze organizacyjnym, koordynacyjnym i projektowym. Najog\u00f3lniej m\u00f3wi\u0105c \u2013 strategicznym. A \u0142atwiej si\u0119 je prowadzi w mniejszych organizacjach.<\/p>\n<p>Je\u015bli do tego mamy w\u0142adze miasta, kt\u00f3re rozumiej\u0105 potrzeby zwi\u0105zane ze stawaniem si\u0119 miastem smart i przywi\u0105zuj\u0105 do tego wag\u0119 (przyznaj\u0105c odpowiednie priorytety zwi\u0105zanym z tym dzia\u0142aniom, przewiduj\u0105c stosowne bud\u017cety, zatrudniaj\u0105c lub kszta\u0142c\u0105c w\u0142asnych fachowc\u00f3w do prowadzenia i koordynowania takich projekt\u00f3w), to mo\u017cemy spodziewa\u0107 si\u0119, ciekawych, przysz\u0142o\u015bciowych i szybko realizowanych projekt\u00f3w smart city w ma\u0142ych i \u015brednich miastach.<\/p>\n","protected":false},"excerpt":{"rendered":"<p>Krosno, foto: Janalexandernovalis Po co smart w ma\u0142ym mie\u015bcie, przecie\u017c jest \u2026 ma\u0142e? Tylko pytanie co oznacza ma\u0142e w przypadku miasta. Wg G\u0142\u00f3wnego Urz\u0119du Statystycznego w Polsce na dzie\u0144 1 stycznia 2021 by\u0142y 954 miasta. Z czego oko\u0142o 685 to miasta o liczbie mieszka\u0144c\u00f3w poni\u017cej 20 tys. I te miast w\u0142a\u015bnie okre\u015blane s\u0105 jako ma\u0142e. &#8230; <\/p>\n","protected":false},"author":4,"featured_media":211,"comment_status":"open","ping_status":"open","sticky":false,"template":"","format":"standard","meta":{"footnotes":""},"categories":[17],"tags":[],"class_list":["post-218","post","type-post","status-publish","format-standard","has-post-thumbnail","hentry","category-aktualnosci"],"yoast_head":"<!-- This site is optimized with the Yoast SEO plugin v24.3 - https:\/\/yoast.com\/wordpress\/plugins\/seo\/ -->\n<title>Czy ma\u0142e miasto mo\u017ce by\u0107 Smart City? - Innergo Space<\/title>\n<meta name=\"robots\" content=\"index, follow, max-snippet:-1, max-image-preview:large, max-video-preview:-1\" \/>\n<link rel=\"canonical\" href=\"https:\/\/innergo.space\/infrastruktura-energetyczna\/czy-male-miasto-moze-byc-smart-city\/\" \/>\n<meta property=\"og:locale\" content=\"pl_PL\" \/>\n<meta property=\"og:type\" content=\"article\" \/>\n<meta property=\"og:title\" content=\"Czy ma\u0142e miasto mo\u017ce by\u0107 Smart City? - Innergo Space\" \/>\n<meta property=\"og:description\" content=\"Krosno, foto: Janalexandernovalis Po co smart w ma\u0142ym mie\u015bcie, przecie\u017c jest \u2026 ma\u0142e? Tylko pytanie co oznacza ma\u0142e w przypadku miasta. Wg G\u0142\u00f3wnego Urz\u0119du Statystycznego w Polsce na dzie\u0144 1 stycznia 2021 by\u0142y 954 miasta. Z czego oko\u0142o 685 to miasta o liczbie mieszka\u0144c\u00f3w poni\u017cej 20 tys. I te miast w\u0142a\u015bnie okre\u015blane s\u0105 jako ma\u0142e. ...\" \/>\n<meta property=\"og:url\" content=\"https:\/\/innergo.space\/infrastruktura-energetyczna\/czy-male-miasto-moze-byc-smart-city\/\" \/>\n<meta property=\"og:site_name\" content=\"Innergo Space\" \/>\n<meta property=\"article:published_time\" content=\"2021-10-28T07:43:30+00:00\" \/>\n<meta property=\"article:modified_time\" content=\"2024-11-15T13:50:27+00:00\" \/>\n<meta property=\"og:image\" content=\"https:\/\/innergo.space\/infrastruktura-energetyczna\/wp-content\/uploads\/2021\/10\/1635148391440.jpeg\" \/>\n\t<meta property=\"og:image:width\" content=\"1082\" \/>\n\t<meta property=\"og:image:height\" content=\"720\" \/>\n\t<meta property=\"og:image:type\" content=\"image\/jpeg\" \/>\n<meta name=\"author\" content=\"INNERGO.Space Team\" \/>\n<meta name=\"twitter:card\" content=\"summary_large_image\" \/>\n<meta name=\"twitter:label1\" content=\"Napisane przez\" \/>\n\t<meta name=\"twitter:data1\" content=\"INNERGO.Space Team\" \/>\n\t<meta name=\"twitter:label2\" content=\"Szacowany czas czytania\" \/>\n\t<meta name=\"twitter:data2\" content=\"6 minut\" \/>\n<script type=\"application\/ld+json\" class=\"yoast-schema-graph\">{\"@context\":\"https:\/\/schema.org\",\"@graph\":[{\"@type\":\"Article\",\"@id\":\"https:\/\/innergo.space\/infrastruktura-energetyczna\/czy-male-miasto-moze-byc-smart-city\/#article\",\"isPartOf\":{\"@id\":\"https:\/\/innergo.space\/infrastruktura-energetyczna\/czy-male-miasto-moze-byc-smart-city\/\"},\"author\":{\"name\":\"INNERGO.Space Team\",\"@id\":\"https:\/\/innergo.space\/#\/schema\/person\/1f01517207e96859764cef263ac40737\"},\"headline\":\"Czy ma\u0142e miasto mo\u017ce by\u0107 Smart City?\",\"datePublished\":\"2021-10-28T07:43:30+00:00\",\"dateModified\":\"2024-11-15T13:50:27+00:00\",\"mainEntityOfPage\":{\"@id\":\"https:\/\/innergo.space\/infrastruktura-energetyczna\/czy-male-miasto-moze-byc-smart-city\/\"},\"wordCount\":1215,\"commentCount\":0,\"publisher\":{\"@id\":\"https:\/\/innergo.space\/#organization\"},\"image\":{\"@id\":\"https:\/\/innergo.space\/infrastruktura-energetyczna\/czy-male-miasto-moze-byc-smart-city\/#primaryimage\"},\"thumbnailUrl\":\"https:\/\/innergo.space\/infrastruktura-energetyczna\/wp-content\/uploads\/2021\/10\/1635148391440.jpeg\",\"articleSection\":[\"Aktualno\u015bci\"],\"inLanguage\":\"pl-PL\",\"potentialAction\":[{\"@type\":\"CommentAction\",\"name\":\"Comment\",\"target\":[\"https:\/\/innergo.space\/infrastruktura-energetyczna\/czy-male-miasto-moze-byc-smart-city\/#respond\"]}]},{\"@type\":\"WebPage\",\"@id\":\"https:\/\/innergo.space\/infrastruktura-energetyczna\/czy-male-miasto-moze-byc-smart-city\/\",\"url\":\"https:\/\/innergo.space\/infrastruktura-energetyczna\/czy-male-miasto-moze-byc-smart-city\/\",\"name\":\"Czy ma\u0142e miasto mo\u017ce by\u0107 Smart City? - Innergo Space\",\"isPartOf\":{\"@id\":\"https:\/\/innergo.space\/#website\"},\"primaryImageOfPage\":{\"@id\":\"https:\/\/innergo.space\/infrastruktura-energetyczna\/czy-male-miasto-moze-byc-smart-city\/#primaryimage\"},\"image\":{\"@id\":\"https:\/\/innergo.space\/infrastruktura-energetyczna\/czy-male-miasto-moze-byc-smart-city\/#primaryimage\"},\"thumbnailUrl\":\"https:\/\/innergo.space\/infrastruktura-energetyczna\/wp-content\/uploads\/2021\/10\/1635148391440.jpeg\",\"datePublished\":\"2021-10-28T07:43:30+00:00\",\"dateModified\":\"2024-11-15T13:50:27+00:00\",\"breadcrumb\":{\"@id\":\"https:\/\/innergo.space\/infrastruktura-energetyczna\/czy-male-miasto-moze-byc-smart-city\/#breadcrumb\"},\"inLanguage\":\"pl-PL\",\"potentialAction\":[{\"@type\":\"ReadAction\",\"target\":[\"https:\/\/innergo.space\/infrastruktura-energetyczna\/czy-male-miasto-moze-byc-smart-city\/\"]}]},{\"@type\":\"ImageObject\",\"inLanguage\":\"pl-PL\",\"@id\":\"https:\/\/innergo.space\/infrastruktura-energetyczna\/czy-male-miasto-moze-byc-smart-city\/#primaryimage\",\"url\":\"https:\/\/innergo.space\/infrastruktura-energetyczna\/wp-content\/uploads\/2021\/10\/1635148391440.jpeg\",\"contentUrl\":\"https:\/\/innergo.space\/infrastruktura-energetyczna\/wp-content\/uploads\/2021\/10\/1635148391440.jpeg\",\"width\":1082,\"height\":720},{\"@type\":\"BreadcrumbList\",\"@id\":\"https:\/\/innergo.space\/infrastruktura-energetyczna\/czy-male-miasto-moze-byc-smart-city\/#breadcrumb\",\"itemListElement\":[{\"@type\":\"ListItem\",\"position\":1,\"name\":\"Strona g\u0142\u00f3wna\",\"item\":\"http:\/\/innergo.space\/\"},{\"@type\":\"ListItem\",\"position\":2,\"name\":\"Czy ma\u0142e miasto mo\u017ce by\u0107 Smart City?\"}]},{\"@type\":\"WebSite\",\"@id\":\"https:\/\/innergo.space\/#website\",\"url\":\"https:\/\/innergo.space\/\",\"name\":\"Innergo Space\",\"description\":\"\",\"publisher\":{\"@id\":\"https:\/\/innergo.space\/#organization\"},\"potentialAction\":[{\"@type\":\"SearchAction\",\"target\":{\"@type\":\"EntryPoint\",\"urlTemplate\":\"https:\/\/innergo.space\/?s={search_term_string}\"},\"query-input\":{\"@type\":\"PropertyValueSpecification\",\"valueRequired\":true,\"valueName\":\"search_term_string\"}}],\"inLanguage\":\"pl-PL\"},{\"@type\":\"Organization\",\"@id\":\"https:\/\/innergo.space\/#organization\",\"name\":\"Innergo Space\",\"url\":\"https:\/\/innergo.space\/\",\"logo\":{\"@type\":\"ImageObject\",\"inLanguage\":\"pl-PL\",\"@id\":\"https:\/\/innergo.space\/#\/schema\/logo\/image\/\",\"url\":\"https:\/\/innergo.space\/infrastruktura-energetyczna\/wp-content\/uploads\/2021\/10\/INNERGO-SPACE.png\",\"contentUrl\":\"https:\/\/innergo.space\/infrastruktura-energetyczna\/wp-content\/uploads\/2021\/10\/INNERGO-SPACE.png\",\"width\":602,\"height\":77,\"caption\":\"Innergo Space\"},\"image\":{\"@id\":\"https:\/\/innergo.space\/#\/schema\/logo\/image\/\"}},{\"@type\":\"Person\",\"@id\":\"https:\/\/innergo.space\/#\/schema\/person\/1f01517207e96859764cef263ac40737\",\"name\":\"INNERGO.Space Team\",\"image\":{\"@type\":\"ImageObject\",\"inLanguage\":\"pl-PL\",\"@id\":\"https:\/\/innergo.space\/#\/schema\/person\/image\/\",\"url\":\"https:\/\/secure.gravatar.com\/avatar\/b6aa169e82406ad833710b192ec2772c?s=96&d=mm&r=g\",\"contentUrl\":\"https:\/\/secure.gravatar.com\/avatar\/b6aa169e82406ad833710b192ec2772c?s=96&d=mm&r=g\",\"caption\":\"INNERGO.Space Team\"},\"url\":\"https:\/\/innergo.space\/infrastruktura-energetyczna\/author\/innergo_admin\/\"}]}<\/script>\n<!-- \/ Yoast SEO plugin. -->","yoast_head_json":{"title":"Czy ma\u0142e miasto mo\u017ce by\u0107 Smart City? - Innergo Space","robots":{"index":"index","follow":"follow","max-snippet":"max-snippet:-1","max-image-preview":"max-image-preview:large","max-video-preview":"max-video-preview:-1"},"canonical":"https:\/\/innergo.space\/infrastruktura-energetyczna\/czy-male-miasto-moze-byc-smart-city\/","og_locale":"pl_PL","og_type":"article","og_title":"Czy ma\u0142e miasto mo\u017ce by\u0107 Smart City? - Innergo Space","og_description":"Krosno, foto: Janalexandernovalis Po co smart w ma\u0142ym mie\u015bcie, przecie\u017c jest \u2026 ma\u0142e? Tylko pytanie co oznacza ma\u0142e w przypadku miasta. Wg G\u0142\u00f3wnego Urz\u0119du Statystycznego w Polsce na dzie\u0144 1 stycznia 2021 by\u0142y 954 miasta. Z czego oko\u0142o 685 to miasta o liczbie mieszka\u0144c\u00f3w poni\u017cej 20 tys. I te miast w\u0142a\u015bnie okre\u015blane s\u0105 jako ma\u0142e. ...","og_url":"https:\/\/innergo.space\/infrastruktura-energetyczna\/czy-male-miasto-moze-byc-smart-city\/","og_site_name":"Innergo Space","article_published_time":"2021-10-28T07:43:30+00:00","article_modified_time":"2024-11-15T13:50:27+00:00","og_image":[{"width":1082,"height":720,"url":"https:\/\/innergo.space\/infrastruktura-energetyczna\/wp-content\/uploads\/2021\/10\/1635148391440.jpeg","type":"image\/jpeg"}],"author":"INNERGO.Space Team","twitter_card":"summary_large_image","twitter_misc":{"Napisane przez":"INNERGO.Space Team","Szacowany czas czytania":"6 minut"},"schema":{"@context":"https:\/\/schema.org","@graph":[{"@type":"Article","@id":"https:\/\/innergo.space\/infrastruktura-energetyczna\/czy-male-miasto-moze-byc-smart-city\/#article","isPartOf":{"@id":"https:\/\/innergo.space\/infrastruktura-energetyczna\/czy-male-miasto-moze-byc-smart-city\/"},"author":{"name":"INNERGO.Space Team","@id":"https:\/\/innergo.space\/#\/schema\/person\/1f01517207e96859764cef263ac40737"},"headline":"Czy ma\u0142e miasto mo\u017ce by\u0107 Smart City?","datePublished":"2021-10-28T07:43:30+00:00","dateModified":"2024-11-15T13:50:27+00:00","mainEntityOfPage":{"@id":"https:\/\/innergo.space\/infrastruktura-energetyczna\/czy-male-miasto-moze-byc-smart-city\/"},"wordCount":1215,"commentCount":0,"publisher":{"@id":"https:\/\/innergo.space\/#organization"},"image":{"@id":"https:\/\/innergo.space\/infrastruktura-energetyczna\/czy-male-miasto-moze-byc-smart-city\/#primaryimage"},"thumbnailUrl":"https:\/\/innergo.space\/infrastruktura-energetyczna\/wp-content\/uploads\/2021\/10\/1635148391440.jpeg","articleSection":["Aktualno\u015bci"],"inLanguage":"pl-PL","potentialAction":[{"@type":"CommentAction","name":"Comment","target":["https:\/\/innergo.space\/infrastruktura-energetyczna\/czy-male-miasto-moze-byc-smart-city\/#respond"]}]},{"@type":"WebPage","@id":"https:\/\/innergo.space\/infrastruktura-energetyczna\/czy-male-miasto-moze-byc-smart-city\/","url":"https:\/\/innergo.space\/infrastruktura-energetyczna\/czy-male-miasto-moze-byc-smart-city\/","name":"Czy ma\u0142e miasto mo\u017ce by\u0107 Smart City? - Innergo Space","isPartOf":{"@id":"https:\/\/innergo.space\/#website"},"primaryImageOfPage":{"@id":"https:\/\/innergo.space\/infrastruktura-energetyczna\/czy-male-miasto-moze-byc-smart-city\/#primaryimage"},"image":{"@id":"https:\/\/innergo.space\/infrastruktura-energetyczna\/czy-male-miasto-moze-byc-smart-city\/#primaryimage"},"thumbnailUrl":"https:\/\/innergo.space\/infrastruktura-energetyczna\/wp-content\/uploads\/2021\/10\/1635148391440.jpeg","datePublished":"2021-10-28T07:43:30+00:00","dateModified":"2024-11-15T13:50:27+00:00","breadcrumb":{"@id":"https:\/\/innergo.space\/infrastruktura-energetyczna\/czy-male-miasto-moze-byc-smart-city\/#breadcrumb"},"inLanguage":"pl-PL","potentialAction":[{"@type":"ReadAction","target":["https:\/\/innergo.space\/infrastruktura-energetyczna\/czy-male-miasto-moze-byc-smart-city\/"]}]},{"@type":"ImageObject","inLanguage":"pl-PL","@id":"https:\/\/innergo.space\/infrastruktura-energetyczna\/czy-male-miasto-moze-byc-smart-city\/#primaryimage","url":"https:\/\/innergo.space\/infrastruktura-energetyczna\/wp-content\/uploads\/2021\/10\/1635148391440.jpeg","contentUrl":"https:\/\/innergo.space\/infrastruktura-energetyczna\/wp-content\/uploads\/2021\/10\/1635148391440.jpeg","width":1082,"height":720},{"@type":"BreadcrumbList","@id":"https:\/\/innergo.space\/infrastruktura-energetyczna\/czy-male-miasto-moze-byc-smart-city\/#breadcrumb","itemListElement":[{"@type":"ListItem","position":1,"name":"Strona g\u0142\u00f3wna","item":"http:\/\/innergo.space\/"},{"@type":"ListItem","position":2,"name":"Czy ma\u0142e miasto mo\u017ce by\u0107 Smart City?"}]},{"@type":"WebSite","@id":"https:\/\/innergo.space\/#website","url":"https:\/\/innergo.space\/","name":"Innergo Space","description":"","publisher":{"@id":"https:\/\/innergo.space\/#organization"},"potentialAction":[{"@type":"SearchAction","target":{"@type":"EntryPoint","urlTemplate":"https:\/\/innergo.space\/?s={search_term_string}"},"query-input":{"@type":"PropertyValueSpecification","valueRequired":true,"valueName":"search_term_string"}}],"inLanguage":"pl-PL"},{"@type":"Organization","@id":"https:\/\/innergo.space\/#organization","name":"Innergo Space","url":"https:\/\/innergo.space\/","logo":{"@type":"ImageObject","inLanguage":"pl-PL","@id":"https:\/\/innergo.space\/#\/schema\/logo\/image\/","url":"https:\/\/innergo.space\/infrastruktura-energetyczna\/wp-content\/uploads\/2021\/10\/INNERGO-SPACE.png","contentUrl":"https:\/\/innergo.space\/infrastruktura-energetyczna\/wp-content\/uploads\/2021\/10\/INNERGO-SPACE.png","width":602,"height":77,"caption":"Innergo Space"},"image":{"@id":"https:\/\/innergo.space\/#\/schema\/logo\/image\/"}},{"@type":"Person","@id":"https:\/\/innergo.space\/#\/schema\/person\/1f01517207e96859764cef263ac40737","name":"INNERGO.Space Team","image":{"@type":"ImageObject","inLanguage":"pl-PL","@id":"https:\/\/innergo.space\/#\/schema\/person\/image\/","url":"https:\/\/secure.gravatar.com\/avatar\/b6aa169e82406ad833710b192ec2772c?s=96&d=mm&r=g","contentUrl":"https:\/\/secure.gravatar.com\/avatar\/b6aa169e82406ad833710b192ec2772c?s=96&d=mm&r=g","caption":"INNERGO.Space Team"},"url":"https:\/\/innergo.space\/infrastruktura-energetyczna\/author\/innergo_admin\/"}]}},"_links":{"self":[{"href":"https:\/\/innergo.space\/infrastruktura-energetyczna\/wp-json\/wp\/v2\/posts\/218","targetHints":{"allow":["GET"]}}],"collection":[{"href":"https:\/\/innergo.space\/infrastruktura-energetyczna\/wp-json\/wp\/v2\/posts"}],"about":[{"href":"https:\/\/innergo.space\/infrastruktura-energetyczna\/wp-json\/wp\/v2\/types\/post"}],"author":[{"embeddable":true,"href":"https:\/\/innergo.space\/infrastruktura-energetyczna\/wp-json\/wp\/v2\/users\/4"}],"replies":[{"embeddable":true,"href":"https:\/\/innergo.space\/infrastruktura-energetyczna\/wp-json\/wp\/v2\/comments?post=218"}],"version-history":[{"count":8,"href":"https:\/\/innergo.space\/infrastruktura-energetyczna\/wp-json\/wp\/v2\/posts\/218\/revisions"}],"predecessor-version":[{"id":220,"href":"https:\/\/innergo.space\/infrastruktura-energetyczna\/wp-json\/wp\/v2\/posts\/218\/revisions\/220"}],"wp:featuredmedia":[{"embeddable":true,"href":"https:\/\/innergo.space\/infrastruktura-energetyczna\/wp-json\/wp\/v2\/media\/211"}],"wp:attachment":[{"href":"https:\/\/innergo.space\/infrastruktura-energetyczna\/wp-json\/wp\/v2\/media?parent=218"}],"wp:term":[{"taxonomy":"category","embeddable":true,"href":"https:\/\/innergo.space\/infrastruktura-energetyczna\/wp-json\/wp\/v2\/categories?post=218"},{"taxonomy":"post_tag","embeddable":true,"href":"https:\/\/innergo.space\/infrastruktura-energetyczna\/wp-json\/wp\/v2\/tags?post=218"}],"curies":[{"name":"wp","href":"https:\/\/api.w.org\/{rel}","templated":true}]}}