{"id":267,"date":"2021-11-09T09:26:06","date_gmt":"2021-11-09T08:26:06","guid":{"rendered":"https:\/\/innergo.space\/infrastruktura-energetyczna\/?p=267"},"modified":"2024-11-15T13:39:32","modified_gmt":"2024-11-15T12:39:32","slug":"nabor-do-programu-moj-elektryk","status":"publish","type":"post","link":"https:\/\/innergo.space\/infrastruktura-energetyczna\/nabor-do-programu-moj-elektryk\/","title":{"rendered":"Nab\u00f3r do programu &#8222;M\u00f3j elektryk&#8221;"},"content":{"rendered":"<p><img loading=\"lazy\" decoding=\"async\" class=\"aligncenter wp-image-272 size-full lazyload\" data-src=\"https:\/\/innergo.space\/infrastruktura-energetyczna\/wp-content\/uploads\/2021\/11\/evb1b-1.png\" alt=\"\" width=\"1458\" height=\"1080\" data-srcset=\"https:\/\/innergo.space\/infrastruktura-energetyczna\/wp-content\/uploads\/2021\/11\/evb1b-1.png 1458w, https:\/\/innergo.space\/infrastruktura-energetyczna\/wp-content\/uploads\/2021\/11\/evb1b-1-300x222.png 300w, https:\/\/innergo.space\/infrastruktura-energetyczna\/wp-content\/uploads\/2021\/11\/evb1b-1-1024x759.png 1024w, https:\/\/innergo.space\/infrastruktura-energetyczna\/wp-content\/uploads\/2021\/11\/evb1b-1-768x569.png 768w\" data-sizes=\"auto, (max-width: 1458px) 100vw, 1458px\" src=\"data:image\/gif;base64,R0lGODlhAQABAAAAACH5BAEKAAEALAAAAAABAAEAAAICTAEAOw==\" style=\"--smush-placeholder-width: 1458px; --smush-placeholder-aspect-ratio: 1458\/1080;\" \/><noscript><img loading=\"lazy\" decoding=\"async\" class=\"aligncenter wp-image-272 size-full\" src=\"https:\/\/innergo.space\/infrastruktura-energetyczna\/wp-content\/uploads\/2021\/11\/evb1b-1.png\" alt=\"\" width=\"1458\" height=\"1080\" srcset=\"https:\/\/innergo.space\/infrastruktura-energetyczna\/wp-content\/uploads\/2021\/11\/evb1b-1.png 1458w, https:\/\/innergo.space\/infrastruktura-energetyczna\/wp-content\/uploads\/2021\/11\/evb1b-1-300x222.png 300w, https:\/\/innergo.space\/infrastruktura-energetyczna\/wp-content\/uploads\/2021\/11\/evb1b-1-1024x759.png 1024w, https:\/\/innergo.space\/infrastruktura-energetyczna\/wp-content\/uploads\/2021\/11\/evb1b-1-768x569.png 768w\" sizes=\"auto, (max-width: 1458px) 100vw, 1458px\" \/><\/noscript><\/p>\n<p>Rusza ostatni, 3 komponent programu \u201eM\u00f3j elektryk\u201d. W tej turze o dofinansowanie do zakupu samochod\u00f3w ca\u0142kowicie elektrycznych oraz wodorowych mog\u0105 ubiega\u0107 si\u0119 nast\u0119puj\u0105ce podmioty:<\/p>\n<ul style=\"text-align: left;\">\n<li>Przedsi\u0119biorstwa,<\/li>\n<li>Jednostki sektora finans\u00f3w publicznych,<\/li>\n<li>Instytuty badawcze,<\/li>\n<li>Stowarzyszenia i fundacje,<\/li>\n<li>Sp\u00f3\u0142dzielnie,<\/li>\n<li>Rolnicy indywidualni,<\/li>\n<li>Ko\u015bcio\u0142y i inne zwi\u0105zki wyznaniowe.<\/li>\n<\/ul>\n<p style=\"text-align: left;\">Dofinansowanie obejmuje zakup pojazd\u00f3w zeroemisyjnych, mieszcz\u0105cych si\u0119 w kategoriach:<\/p>\n<ul style=\"text-align: left;\">\n<li>M1 \u2013 18\u00a0750 z\u0142 lub 27\u00a0000 z\u0142 deklaruj\u0105c \u015brednioroczny przebieg powy\u017cej 15tys. km, maksymalna cena pojazdu 225 tys. z\u0142,<\/li>\n<li>M2, M3, N1 \u2013 do 20% koszt\u00f3w kwalifikowanych (nie wi\u0119cej ni\u017c 50\u00a0000 z\u0142) lub 30% koszt\u00f3w kwalifikowanych (nie wi\u0119cej ni\u017c 70\u00a0000 z\u0142) deklaruj\u0105c \u015brednioroczny przebieg powy\u017cej 20tys. km. W tym przypadku nie ma limitu cenowego pojazdu,<\/li>\n<li>L1e-L7e \u2013 do 30% koszt\u00f3w kwalifikowanych (nie wi\u0119cej ni\u017c 4tys. z\u0142).<\/li>\n<\/ul>\n<p style=\"text-align: left;\">Wsparcie polega na dop\u0142acie do zakupu nowych pojazd\u00f3w zeroemisyjnych oraz dop\u0142acie do op\u0142at ustalonych w umowach leasingowych.<\/p>\n<p style=\"text-align: left;\">Szczeg\u00f3\u0142y dost\u0119pne na stronie: <a href=\"https:\/\/www.gov.pl\/web\/elektromobilnosc\/planowane-nabory\">https:\/\/www.gov.pl\/web\/elektromobilnosc\/planowane-nabory<\/a><\/p>\n<p style=\"text-align: left;\">Wnioski na zakup samochod\u00f3w mo\u017cna sk\u0142ada\u0107 od 22 listopada 2021 r. Nab\u00f3r trwa\u0107 b\u0119dzie do 30 wrze\u015bnia 2025 r. lub do wyczerpania \u015brodk\u00f3w w bud\u017cecie.<\/p>\n<p style=\"text-align: left;\">Wcze\u015bniejsze komponenty programu \u201eM\u00f3j elektryk\u201d obejmowa\u0142y nab\u00f3r dla os\u00f3b fizycznych oraz nab\u00f3r skierowany do bank\u00f3w zainteresowanych dystrybucj\u0105 dop\u0142at do leasingu pojazd\u00f3w zeroemisyjnych.<\/p>\n<p style=\"text-align: left;\">Nab\u00f3r dla os\u00f3b fizycznych rozpocz\u0105\u0142 si\u0119 w lipcu tego roku i obejmuje dofinansowania do pojazd\u00f3w kategorii M1. Kwota dotacji wynosi 18\u00a0750 z\u0142 oraz 27\u00a0000 z\u0142 dla rodzin wielodzietnych. Cena elektryka to maksymalnie 225tys. z\u0142. Limit ten nie obowi\u0105zuje rodzin posiadaj\u0105cych Kart\u0119 Du\u017cej Rodziny.<\/p>\n<p style=\"text-align: left;\">Wi\u0119cej szczeg\u00f3\u0142\u00f3w oraz formularz wniosku na stronie: <a href=\"https:\/\/www.gov.pl\/web\/elektromobilnosc\/nabor-dla-osob-fizycznych\">https:\/\/www.gov.pl\/web\/elektromobilnosc\/nabor-dla-osob-fizycznych<\/a><\/p>\n<p style=\"text-align: left;\">Na stronie rz\u0105dowej znajduje si\u0119 zak\u0142adka z najcz\u0119\u015bciej zadawanymi pytaniami oraz odpowiedziami, kt\u00f3re obrazuj\u0105 program i rozwiewaj\u0105 wiele niejasno\u015bci.<\/p>\n<p style=\"text-align: left;\">FAQ: <a href=\"https:\/\/www.gov.pl\/web\/elektromobilnosc\/program-moj-elektryk--pytania-i-odpowiedzi\">https:\/\/www.gov.pl\/web\/elektromobilnosc\/program-moj-elektryk&#8211;pytania-i-odpowiedzi<\/a><\/p>\n<p style=\"text-align: left;\">Celem programu jest redukcja zanieczyszcze\u0144 powietrza oraz upowszechnienie aut zeroemisyjnych. Ro\u015bnie liczba \u201eelektryk\u00f3w\u201d, a co za tym idzie zwi\u0119ksza si\u0119\u00a0ilo\u015b\u0107 stacji \u0142adowania, zar\u00f3wno og\u00f3lnodost\u0119pnych, jak i prywatnych. Rozwi\u0105zania przygotowane przez electroo idealnie komponuj\u0105 si\u0119 z programem. W ramach oferty electroo dostarcza \u0142adowarki nadaj\u0105ce si\u0119 do u\u017cytku prywatnego, w domach jedno- lub wielorodzinnych, parkingach publicznych, czy te\u017c miejscach u\u017cyteczno\u015bci publicznej.<\/p>\n<p style=\"text-align: left;\">electroo to:<\/p>\n<ul style=\"text-align: left;\">\n<li>Dob\u00f3r odpowiedniego urz\u0105dzenia do wymaga\u0144 postawionych przez klienta,<\/li>\n<li>Kompleksowa pomoc, na ka\u017cdym etapie realizacji projektu,<\/li>\n<li>Mo\u017cliwo\u015b\u0107 brandingu urz\u0105dzenia,<\/li>\n<li>Monta\u017c i serwis.<\/li>\n<\/ul>\n<p style=\"text-align: left;\">Oferta electroo dost\u0119pna stronie: <a href=\"https:\/\/innergo.space\/infrastruktura-energetyczna\/systemy-ladowania-pojazdow-electroo\/\">https:\/\/innergo.space\/infrastruktura-energetyczna\/systemy-ladowania-pojazdow-electroo\/<\/a><br \/>\noraz pod numerem: 571\u00a0322\u00a0248.<\/p>\n","protected":false},"excerpt":{"rendered":"<p>Rusza ostatni, 3 komponent programu \u201eM\u00f3j elektryk\u201d. W tej turze o dofinansowanie do zakupu samochod\u00f3w ca\u0142kowicie elektrycznych oraz wodorowych mog\u0105 ubiega\u0107 si\u0119 nast\u0119puj\u0105ce podmioty: Przedsi\u0119biorstwa, Jednostki sektora finans\u00f3w publicznych, Instytuty badawcze, Stowarzyszenia i fundacje, Sp\u00f3\u0142dzielnie, Rolnicy indywidualni, Ko\u015bcio\u0142y i inne zwi\u0105zki wyznaniowe. Dofinansowanie obejmuje zakup pojazd\u00f3w zeroemisyjnych, mieszcz\u0105cych si\u0119 w kategoriach: M1 \u2013 18\u00a0750 z\u0142 &#8230; <\/p>\n","protected":false},"author":4,"featured_media":272,"comment_status":"open","ping_status":"open","sticky":false,"template":"","format":"standard","meta":{"footnotes":""},"categories":[17],"tags":[],"class_list":["post-267","post","type-post","status-publish","format-standard","has-post-thumbnail","hentry","category-aktualnosci"],"yoast_head":"<!-- This site is optimized with the Yoast SEO plugin v24.3 - https:\/\/yoast.com\/wordpress\/plugins\/seo\/ -->\n<title>Nab\u00f3r do programu &quot;M\u00f3j elektryk&quot; - Innergo Space<\/title>\n<meta name=\"robots\" content=\"index, follow, max-snippet:-1, max-image-preview:large, max-video-preview:-1\" \/>\n<link rel=\"canonical\" href=\"https:\/\/innergo.space\/infrastruktura-energetyczna\/nabor-do-programu-moj-elektryk\/\" \/>\n<meta property=\"og:locale\" content=\"pl_PL\" \/>\n<meta property=\"og:type\" content=\"article\" \/>\n<meta property=\"og:title\" content=\"Nab\u00f3r do programu &quot;M\u00f3j elektryk&quot;\" \/>\n<meta property=\"og:description\" content=\"Rusza ostatni, 3 komponent programu \u201eM\u00f3j elektryk\u201d. W tej turze o dofinansowanie do zakupu samochod\u00f3w ca\u0142kowicie elektrycznych oraz wodorowych mog\u0105 ubiega\u0107 si\u0119 nast\u0119puj\u0105ce podmioty...\" \/>\n<meta property=\"og:url\" content=\"https:\/\/innergo.space\/infrastruktura-energetyczna\/nabor-do-programu-moj-elektryk\/\" \/>\n<meta property=\"og:site_name\" content=\"Innergo Space\" \/>\n<meta property=\"article:published_time\" content=\"2021-11-09T08:26:06+00:00\" \/>\n<meta property=\"article:modified_time\" content=\"2024-11-15T12:39:32+00:00\" \/>\n<meta property=\"og:image\" content=\"https:\/\/innergo.space\/infrastruktura-energetyczna\/wp-content\/uploads\/2021\/11\/evb1b-1.png\" \/>\n\t<meta property=\"og:image:width\" content=\"1458\" \/>\n\t<meta property=\"og:image:height\" content=\"1080\" \/>\n\t<meta property=\"og:image:type\" content=\"image\/png\" \/>\n<meta name=\"author\" content=\"INNERGO.Space Team\" \/>\n<meta name=\"twitter:card\" content=\"summary_large_image\" \/>\n<meta name=\"twitter:label1\" content=\"Napisane przez\" \/>\n\t<meta name=\"twitter:data1\" content=\"INNERGO.Space Team\" \/>\n\t<meta name=\"twitter:label2\" content=\"Szacowany czas czytania\" \/>\n\t<meta name=\"twitter:data2\" content=\"3 minuty\" \/>\n<script type=\"application\/ld+json\" class=\"yoast-schema-graph\">{\"@context\":\"https:\/\/schema.org\",\"@graph\":[{\"@type\":\"Article\",\"@id\":\"https:\/\/innergo.space\/infrastruktura-energetyczna\/nabor-do-programu-moj-elektryk\/#article\",\"isPartOf\":{\"@id\":\"https:\/\/innergo.space\/infrastruktura-energetyczna\/nabor-do-programu-moj-elektryk\/\"},\"author\":{\"name\":\"INNERGO.Space Team\",\"@id\":\"https:\/\/innergo.space\/#\/schema\/person\/1f01517207e96859764cef263ac40737\"},\"headline\":\"Nab\u00f3r do programu &#8222;M\u00f3j elektryk&#8221;\",\"datePublished\":\"2021-11-09T08:26:06+00:00\",\"dateModified\":\"2024-11-15T12:39:32+00:00\",\"mainEntityOfPage\":{\"@id\":\"https:\/\/innergo.space\/infrastruktura-energetyczna\/nabor-do-programu-moj-elektryk\/\"},\"wordCount\":438,\"commentCount\":0,\"publisher\":{\"@id\":\"https:\/\/innergo.space\/#organization\"},\"image\":{\"@id\":\"https:\/\/innergo.space\/infrastruktura-energetyczna\/nabor-do-programu-moj-elektryk\/#primaryimage\"},\"thumbnailUrl\":\"https:\/\/innergo.space\/infrastruktura-energetyczna\/wp-content\/uploads\/2021\/11\/evb1b-1.png\",\"articleSection\":[\"Aktualno\u015bci\"],\"inLanguage\":\"pl-PL\",\"potentialAction\":[{\"@type\":\"CommentAction\",\"name\":\"Comment\",\"target\":[\"https:\/\/innergo.space\/infrastruktura-energetyczna\/nabor-do-programu-moj-elektryk\/#respond\"]}]},{\"@type\":\"WebPage\",\"@id\":\"https:\/\/innergo.space\/infrastruktura-energetyczna\/nabor-do-programu-moj-elektryk\/\",\"url\":\"https:\/\/innergo.space\/infrastruktura-energetyczna\/nabor-do-programu-moj-elektryk\/\",\"name\":\"Nab\u00f3r do programu \\\"M\u00f3j elektryk\\\" - Innergo Space\",\"isPartOf\":{\"@id\":\"https:\/\/innergo.space\/#website\"},\"primaryImageOfPage\":{\"@id\":\"https:\/\/innergo.space\/infrastruktura-energetyczna\/nabor-do-programu-moj-elektryk\/#primaryimage\"},\"image\":{\"@id\":\"https:\/\/innergo.space\/infrastruktura-energetyczna\/nabor-do-programu-moj-elektryk\/#primaryimage\"},\"thumbnailUrl\":\"https:\/\/innergo.space\/infrastruktura-energetyczna\/wp-content\/uploads\/2021\/11\/evb1b-1.png\",\"datePublished\":\"2021-11-09T08:26:06+00:00\",\"dateModified\":\"2024-11-15T12:39:32+00:00\",\"breadcrumb\":{\"@id\":\"https:\/\/innergo.space\/infrastruktura-energetyczna\/nabor-do-programu-moj-elektryk\/#breadcrumb\"},\"inLanguage\":\"pl-PL\",\"potentialAction\":[{\"@type\":\"ReadAction\",\"target\":[\"https:\/\/innergo.space\/infrastruktura-energetyczna\/nabor-do-programu-moj-elektryk\/\"]}]},{\"@type\":\"ImageObject\",\"inLanguage\":\"pl-PL\",\"@id\":\"https:\/\/innergo.space\/infrastruktura-energetyczna\/nabor-do-programu-moj-elektryk\/#primaryimage\",\"url\":\"https:\/\/innergo.space\/infrastruktura-energetyczna\/wp-content\/uploads\/2021\/11\/evb1b-1.png\",\"contentUrl\":\"https:\/\/innergo.space\/infrastruktura-energetyczna\/wp-content\/uploads\/2021\/11\/evb1b-1.png\",\"width\":1458,\"height\":1080},{\"@type\":\"BreadcrumbList\",\"@id\":\"https:\/\/innergo.space\/infrastruktura-energetyczna\/nabor-do-programu-moj-elektryk\/#breadcrumb\",\"itemListElement\":[{\"@type\":\"ListItem\",\"position\":1,\"name\":\"Strona g\u0142\u00f3wna\",\"item\":\"http:\/\/innergo.space\/\"},{\"@type\":\"ListItem\",\"position\":2,\"name\":\"Nab\u00f3r do programu &#8222;M\u00f3j elektryk&#8221;\"}]},{\"@type\":\"WebSite\",\"@id\":\"https:\/\/innergo.space\/#website\",\"url\":\"https:\/\/innergo.space\/\",\"name\":\"Innergo Space\",\"description\":\"\",\"publisher\":{\"@id\":\"https:\/\/innergo.space\/#organization\"},\"potentialAction\":[{\"@type\":\"SearchAction\",\"target\":{\"@type\":\"EntryPoint\",\"urlTemplate\":\"https:\/\/innergo.space\/?s={search_term_string}\"},\"query-input\":{\"@type\":\"PropertyValueSpecification\",\"valueRequired\":true,\"valueName\":\"search_term_string\"}}],\"inLanguage\":\"pl-PL\"},{\"@type\":\"Organization\",\"@id\":\"https:\/\/innergo.space\/#organization\",\"name\":\"Innergo Space\",\"url\":\"https:\/\/innergo.space\/\",\"logo\":{\"@type\":\"ImageObject\",\"inLanguage\":\"pl-PL\",\"@id\":\"https:\/\/innergo.space\/#\/schema\/logo\/image\/\",\"url\":\"https:\/\/innergo.space\/infrastruktura-energetyczna\/wp-content\/uploads\/2021\/10\/INNERGO-SPACE.png\",\"contentUrl\":\"https:\/\/innergo.space\/infrastruktura-energetyczna\/wp-content\/uploads\/2021\/10\/INNERGO-SPACE.png\",\"width\":602,\"height\":77,\"caption\":\"Innergo Space\"},\"image\":{\"@id\":\"https:\/\/innergo.space\/#\/schema\/logo\/image\/\"}},{\"@type\":\"Person\",\"@id\":\"https:\/\/innergo.space\/#\/schema\/person\/1f01517207e96859764cef263ac40737\",\"name\":\"INNERGO.Space Team\",\"image\":{\"@type\":\"ImageObject\",\"inLanguage\":\"pl-PL\",\"@id\":\"https:\/\/innergo.space\/#\/schema\/person\/image\/\",\"url\":\"https:\/\/secure.gravatar.com\/avatar\/b6aa169e82406ad833710b192ec2772c?s=96&d=mm&r=g\",\"contentUrl\":\"https:\/\/secure.gravatar.com\/avatar\/b6aa169e82406ad833710b192ec2772c?s=96&d=mm&r=g\",\"caption\":\"INNERGO.Space Team\"},\"url\":\"https:\/\/innergo.space\/infrastruktura-energetyczna\/author\/innergo_admin\/\"}]}<\/script>\n<!-- \/ Yoast SEO plugin. -->","yoast_head_json":{"title":"Nab\u00f3r do programu \"M\u00f3j elektryk\" - Innergo Space","robots":{"index":"index","follow":"follow","max-snippet":"max-snippet:-1","max-image-preview":"max-image-preview:large","max-video-preview":"max-video-preview:-1"},"canonical":"https:\/\/innergo.space\/infrastruktura-energetyczna\/nabor-do-programu-moj-elektryk\/","og_locale":"pl_PL","og_type":"article","og_title":"Nab\u00f3r do programu \"M\u00f3j elektryk\"","og_description":"Rusza ostatni, 3 komponent programu \u201eM\u00f3j elektryk\u201d. W tej turze o dofinansowanie do zakupu samochod\u00f3w ca\u0142kowicie elektrycznych oraz wodorowych mog\u0105 ubiega\u0107 si\u0119 nast\u0119puj\u0105ce podmioty...","og_url":"https:\/\/innergo.space\/infrastruktura-energetyczna\/nabor-do-programu-moj-elektryk\/","og_site_name":"Innergo Space","article_published_time":"2021-11-09T08:26:06+00:00","article_modified_time":"2024-11-15T12:39:32+00:00","og_image":[{"width":1458,"height":1080,"url":"https:\/\/innergo.space\/infrastruktura-energetyczna\/wp-content\/uploads\/2021\/11\/evb1b-1.png","type":"image\/png"}],"author":"INNERGO.Space Team","twitter_card":"summary_large_image","twitter_misc":{"Napisane przez":"INNERGO.Space Team","Szacowany czas czytania":"3 minuty"},"schema":{"@context":"https:\/\/schema.org","@graph":[{"@type":"Article","@id":"https:\/\/innergo.space\/infrastruktura-energetyczna\/nabor-do-programu-moj-elektryk\/#article","isPartOf":{"@id":"https:\/\/innergo.space\/infrastruktura-energetyczna\/nabor-do-programu-moj-elektryk\/"},"author":{"name":"INNERGO.Space Team","@id":"https:\/\/innergo.space\/#\/schema\/person\/1f01517207e96859764cef263ac40737"},"headline":"Nab\u00f3r do programu &#8222;M\u00f3j elektryk&#8221;","datePublished":"2021-11-09T08:26:06+00:00","dateModified":"2024-11-15T12:39:32+00:00","mainEntityOfPage":{"@id":"https:\/\/innergo.space\/infrastruktura-energetyczna\/nabor-do-programu-moj-elektryk\/"},"wordCount":438,"commentCount":0,"publisher":{"@id":"https:\/\/innergo.space\/#organization"},"image":{"@id":"https:\/\/innergo.space\/infrastruktura-energetyczna\/nabor-do-programu-moj-elektryk\/#primaryimage"},"thumbnailUrl":"https:\/\/innergo.space\/infrastruktura-energetyczna\/wp-content\/uploads\/2021\/11\/evb1b-1.png","articleSection":["Aktualno\u015bci"],"inLanguage":"pl-PL","potentialAction":[{"@type":"CommentAction","name":"Comment","target":["https:\/\/innergo.space\/infrastruktura-energetyczna\/nabor-do-programu-moj-elektryk\/#respond"]}]},{"@type":"WebPage","@id":"https:\/\/innergo.space\/infrastruktura-energetyczna\/nabor-do-programu-moj-elektryk\/","url":"https:\/\/innergo.space\/infrastruktura-energetyczna\/nabor-do-programu-moj-elektryk\/","name":"Nab\u00f3r do programu \"M\u00f3j elektryk\" - Innergo Space","isPartOf":{"@id":"https:\/\/innergo.space\/#website"},"primaryImageOfPage":{"@id":"https:\/\/innergo.space\/infrastruktura-energetyczna\/nabor-do-programu-moj-elektryk\/#primaryimage"},"image":{"@id":"https:\/\/innergo.space\/infrastruktura-energetyczna\/nabor-do-programu-moj-elektryk\/#primaryimage"},"thumbnailUrl":"https:\/\/innergo.space\/infrastruktura-energetyczna\/wp-content\/uploads\/2021\/11\/evb1b-1.png","datePublished":"2021-11-09T08:26:06+00:00","dateModified":"2024-11-15T12:39:32+00:00","breadcrumb":{"@id":"https:\/\/innergo.space\/infrastruktura-energetyczna\/nabor-do-programu-moj-elektryk\/#breadcrumb"},"inLanguage":"pl-PL","potentialAction":[{"@type":"ReadAction","target":["https:\/\/innergo.space\/infrastruktura-energetyczna\/nabor-do-programu-moj-elektryk\/"]}]},{"@type":"ImageObject","inLanguage":"pl-PL","@id":"https:\/\/innergo.space\/infrastruktura-energetyczna\/nabor-do-programu-moj-elektryk\/#primaryimage","url":"https:\/\/innergo.space\/infrastruktura-energetyczna\/wp-content\/uploads\/2021\/11\/evb1b-1.png","contentUrl":"https:\/\/innergo.space\/infrastruktura-energetyczna\/wp-content\/uploads\/2021\/11\/evb1b-1.png","width":1458,"height":1080},{"@type":"BreadcrumbList","@id":"https:\/\/innergo.space\/infrastruktura-energetyczna\/nabor-do-programu-moj-elektryk\/#breadcrumb","itemListElement":[{"@type":"ListItem","position":1,"name":"Strona g\u0142\u00f3wna","item":"http:\/\/innergo.space\/"},{"@type":"ListItem","position":2,"name":"Nab\u00f3r do programu &#8222;M\u00f3j elektryk&#8221;"}]},{"@type":"WebSite","@id":"https:\/\/innergo.space\/#website","url":"https:\/\/innergo.space\/","name":"Innergo Space","description":"","publisher":{"@id":"https:\/\/innergo.space\/#organization"},"potentialAction":[{"@type":"SearchAction","target":{"@type":"EntryPoint","urlTemplate":"https:\/\/innergo.space\/?s={search_term_string}"},"query-input":{"@type":"PropertyValueSpecification","valueRequired":true,"valueName":"search_term_string"}}],"inLanguage":"pl-PL"},{"@type":"Organization","@id":"https:\/\/innergo.space\/#organization","name":"Innergo Space","url":"https:\/\/innergo.space\/","logo":{"@type":"ImageObject","inLanguage":"pl-PL","@id":"https:\/\/innergo.space\/#\/schema\/logo\/image\/","url":"https:\/\/innergo.space\/infrastruktura-energetyczna\/wp-content\/uploads\/2021\/10\/INNERGO-SPACE.png","contentUrl":"https:\/\/innergo.space\/infrastruktura-energetyczna\/wp-content\/uploads\/2021\/10\/INNERGO-SPACE.png","width":602,"height":77,"caption":"Innergo Space"},"image":{"@id":"https:\/\/innergo.space\/#\/schema\/logo\/image\/"}},{"@type":"Person","@id":"https:\/\/innergo.space\/#\/schema\/person\/1f01517207e96859764cef263ac40737","name":"INNERGO.Space Team","image":{"@type":"ImageObject","inLanguage":"pl-PL","@id":"https:\/\/innergo.space\/#\/schema\/person\/image\/","url":"https:\/\/secure.gravatar.com\/avatar\/b6aa169e82406ad833710b192ec2772c?s=96&d=mm&r=g","contentUrl":"https:\/\/secure.gravatar.com\/avatar\/b6aa169e82406ad833710b192ec2772c?s=96&d=mm&r=g","caption":"INNERGO.Space Team"},"url":"https:\/\/innergo.space\/infrastruktura-energetyczna\/author\/innergo_admin\/"}]}},"_links":{"self":[{"href":"https:\/\/innergo.space\/infrastruktura-energetyczna\/wp-json\/wp\/v2\/posts\/267","targetHints":{"allow":["GET"]}}],"collection":[{"href":"https:\/\/innergo.space\/infrastruktura-energetyczna\/wp-json\/wp\/v2\/posts"}],"about":[{"href":"https:\/\/innergo.space\/infrastruktura-energetyczna\/wp-json\/wp\/v2\/types\/post"}],"author":[{"embeddable":true,"href":"https:\/\/innergo.space\/infrastruktura-energetyczna\/wp-json\/wp\/v2\/users\/4"}],"replies":[{"embeddable":true,"href":"https:\/\/innergo.space\/infrastruktura-energetyczna\/wp-json\/wp\/v2\/comments?post=267"}],"version-history":[{"count":6,"href":"https:\/\/innergo.space\/infrastruktura-energetyczna\/wp-json\/wp\/v2\/posts\/267\/revisions"}],"predecessor-version":[{"id":273,"href":"https:\/\/innergo.space\/infrastruktura-energetyczna\/wp-json\/wp\/v2\/posts\/267\/revisions\/273"}],"wp:featuredmedia":[{"embeddable":true,"href":"https:\/\/innergo.space\/infrastruktura-energetyczna\/wp-json\/wp\/v2\/media\/272"}],"wp:attachment":[{"href":"https:\/\/innergo.space\/infrastruktura-energetyczna\/wp-json\/wp\/v2\/media?parent=267"}],"wp:term":[{"taxonomy":"category","embeddable":true,"href":"https:\/\/innergo.space\/infrastruktura-energetyczna\/wp-json\/wp\/v2\/categories?post=267"},{"taxonomy":"post_tag","embeddable":true,"href":"https:\/\/innergo.space\/infrastruktura-energetyczna\/wp-json\/wp\/v2\/tags?post=267"}],"curies":[{"name":"wp","href":"https:\/\/api.w.org\/{rel}","templated":true}]}}