{"id":753,"date":"2025-03-14T11:10:42","date_gmt":"2025-03-14T10:10:42","guid":{"rendered":"https:\/\/innergo.space\/infrastruktura-energetyczna\/?p=753"},"modified":"2025-03-14T11:15:19","modified_gmt":"2025-03-14T10:15:19","slug":"%f0%9f%9a%9b%e2%9a%a1-nowe-wsparcie-dla-stacji-ladowania-transportu-ciezkiego-w-polsce-%e2%9a%a1%f0%9f%9a%9b","status":"publish","type":"post","link":"https:\/\/innergo.space\/infrastruktura-energetyczna\/%f0%9f%9a%9b%e2%9a%a1-nowe-wsparcie-dla-stacji-ladowania-transportu-ciezkiego-w-polsce-%e2%9a%a1%f0%9f%9a%9b\/","title":{"rendered":"Nowe wsparcie dla stacji \u0142adowania transportu ci\u0119\u017ckiego w Polsce! \ud83d\ude9b"},"content":{"rendered":"<div class=\"\" data-block=\"true\" data-editor=\"37en5\" data-offset-key=\"c9apt-0-0\"><\/div>\n<div class=\"\" data-block=\"true\" data-editor=\"37en5\" data-offset-key=\"cjd0j-0-0\">\n<div class=\"_1mf _1mj\" data-offset-key=\"cjd0j-0-0\">Od 31 marca 2025 r. Narodowy Fundusz Ochrony \u015arodowiska i Gospodarki Wodnej (NFO\u015aIGW) uruchamia program wspieraj\u0105cy rozw\u00f3j stacji \u0142adowania pojazd\u00f3w ci\u0119\u017ckich, otwieraj\u0105c nowe mo\u017cliwo\u015bci dla firm transportowych, operator\u00f3w flot oraz inwestor\u00f3w infrastrukturalnych\ud83d\ude9b<\/div>\n<\/div>\n<div class=\"\" data-block=\"true\" data-editor=\"37en5\" data-offset-key=\"4456j-0-0\">\n<div class=\"_1mf _1mj\" data-offset-key=\"4456j-0-0\"><span data-offset-key=\"4456j-0-0\">\ud83d\udd0b Dwa programy dotacyjne:<\/span><\/div>\n<\/div>\n<div class=\"\" data-block=\"true\" data-editor=\"37en5\" data-offset-key=\"1d1j3-0-0\">\n<div class=\"_1mf _1mj\" data-offset-key=\"1d1j3-0-0\"><span data-offset-key=\"1d1j3-0-0\">1. Budowa\/rozbudowa sieci elektroenergetycznych dla stacji \u0142adowania du\u017cych mocy <\/span><\/div>\n<\/div>\n<div class=\"\" data-block=\"true\" data-editor=\"37en5\" data-offset-key=\"814k6-0-0\">\n<div class=\"_1mf _1mj\" data-offset-key=\"814k6-0-0\"><span data-offset-key=\"814k6-0-0\">2. Wsparcie budowy og\u00f3lnodost\u0119pnych stacji \u0142adowania dla transportu ci\u0119\u017ckiego <\/span><\/div>\n<\/div>\n<div class=\"\" data-block=\"true\" data-editor=\"37en5\" data-offset-key=\"8ghis-0-0\">\n<div class=\"_1mf _1mj\" data-offset-key=\"8ghis-0-0\"><span data-offset-key=\"8ghis-0-0\">\ud83d\udccc Cel program\u00f3w: Rozw\u00f3j infrastruktury, redukcja emisji CO\u2082, wsparcie dla polskich firm transportowych.<\/span><\/div>\n<\/div>\n<div class=\"\" data-block=\"true\" data-editor=\"37en5\" data-offset-key=\"5f3vt-0-0\">\n<div class=\"_1mf _1mj\" data-offset-key=\"5f3vt-0-0\"><span data-offset-key=\"5f3vt-0-0\">\ud83d\udccc Nowe inwestycje: 550 stacji \u0142adowania o du\u017cej mocy w kluczowych lokalizacjach (MOP, centra logistyczne, terminale intermodalne).<\/span><\/div>\n<\/div>\n<div class=\"\" data-block=\"true\" data-editor=\"37en5\" data-offset-key=\"7o8r8-0-0\">\n<div class=\"_1mf _1mj\" data-offset-key=\"7o8r8-0-0\"><span data-offset-key=\"7o8r8-0-0\">\u00a0<\/span><\/div>\n<\/div>\n<div class=\"\" data-block=\"true\" data-editor=\"37en5\" data-offset-key=\"24ik4-0-0\">\n<div class=\"_1mf _1mj\" data-offset-key=\"24ik4-0-0\"><span data-offset-key=\"24ik4-0-0\">\u00a0<\/span><\/div>\n<\/div>\n<div class=\"\" data-block=\"true\" data-editor=\"37en5\" data-offset-key=\"bbik5-0-0\">\n<div class=\"_1mf _1mj\" data-offset-key=\"bbik5-0-0\"><span data-offset-key=\"bbik5-0-0\">\ud83d\udd0b INNERGO Space oferuje ultraszybkie \u0142adowarki DC o mocy do 480 kW z mo\u017cliwo\u015bci\u0105 \u0142adowania czterech samochod\u00f3w ci\u0119\u017carowych jednocze\u015bnie!<\/span><\/div>\n<\/div>\n<div class=\"\" data-block=\"true\" data-editor=\"37en5\" data-offset-key=\"56bob-0-0\">\n<div class=\"_1mf _1mj\" data-offset-key=\"56bob-0-0\"><span data-offset-key=\"56bob-0-0\">\u00a0<\/span><\/div>\n<\/div>\n<div class=\"\" data-block=\"true\" data-editor=\"37en5\" data-offset-key=\"8idb4-0-0\">\n<div class=\"_1mf _1mj\" data-offset-key=\"8idb4-0-0\"><span data-offset-key=\"8idb4-0-0\">\u00a0<\/span><\/div>\n<\/div>\n<div class=\"\" data-block=\"true\" data-editor=\"37en5\" data-offset-key=\"eno9-0-0\">\n<div class=\"_1mf _1mj\" data-offset-key=\"eno9-0-0\"><span data-offset-key=\"eno9-0-0\">Wi\u0119cej na temat dofinansowania: https:\/\/www.gov.pl\/web\/nfosigw\/stacje-ladowania-dla-transportu-ciezkiego<\/span><\/div>\n<\/div>\n<div class=\"\" data-block=\"true\" data-editor=\"37en5\" data-offset-key=\"fif08-0-0\">\n<div class=\"_1mf _1mj\" data-offset-key=\"fif08-0-0\"><span data-offset-key=\"fif08-0-0\">\u00a0<\/span><\/div>\n<\/div>\n<div class=\"\" data-block=\"true\" data-editor=\"37en5\" data-offset-key=\"4us8e-0-0\">\n<div class=\"_1mf _1mj\" style=\"padding-left: 1000px;\" data-offset-key=\"4us8e-0-0\"><img loading=\"lazy\" decoding=\"async\" class=\"size-medium wp-image-754 alignleft lazyload\" data-src=\"https:\/\/innergo.space\/infrastruktura-energetyczna\/wp-content\/uploads\/2025\/03\/Zrzut-ekranu-2025-03-14-o-09.58.29-300x226.png\" alt=\"\" width=\"300\" height=\"226\" data-srcset=\"https:\/\/innergo.space\/infrastruktura-energetyczna\/wp-content\/uploads\/2025\/03\/Zrzut-ekranu-2025-03-14-o-09.58.29-300x226.png 300w, https:\/\/innergo.space\/infrastruktura-energetyczna\/wp-content\/uploads\/2025\/03\/Zrzut-ekranu-2025-03-14-o-09.58.29-768x580.png 768w, https:\/\/innergo.space\/infrastruktura-energetyczna\/wp-content\/uploads\/2025\/03\/Zrzut-ekranu-2025-03-14-o-09.58.29.png 914w\" data-sizes=\"auto, (max-width: 300px) 100vw, 300px\" src=\"data:image\/gif;base64,R0lGODlhAQABAAAAACH5BAEKAAEALAAAAAABAAEAAAICTAEAOw==\" style=\"--smush-placeholder-width: 300px; --smush-placeholder-aspect-ratio: 300\/226;\" \/><noscript><img loading=\"lazy\" decoding=\"async\" class=\"size-medium wp-image-754 alignleft\" src=\"https:\/\/innergo.space\/infrastruktura-energetyczna\/wp-content\/uploads\/2025\/03\/Zrzut-ekranu-2025-03-14-o-09.58.29-300x226.png\" alt=\"\" width=\"300\" height=\"226\" srcset=\"https:\/\/innergo.space\/infrastruktura-energetyczna\/wp-content\/uploads\/2025\/03\/Zrzut-ekranu-2025-03-14-o-09.58.29-300x226.png 300w, https:\/\/innergo.space\/infrastruktura-energetyczna\/wp-content\/uploads\/2025\/03\/Zrzut-ekranu-2025-03-14-o-09.58.29-768x580.png 768w, https:\/\/innergo.space\/infrastruktura-energetyczna\/wp-content\/uploads\/2025\/03\/Zrzut-ekranu-2025-03-14-o-09.58.29.png 914w\" sizes=\"auto, (max-width: 300px) 100vw, 300px\" \/><\/noscript><\/div>\n<\/div>\n<div class=\"\" data-block=\"true\" data-editor=\"37en5\" data-offset-key=\"fgq4h-0-0\"><\/div>\n","protected":false},"excerpt":{"rendered":"<p>Od 31 marca 2025 r. Narodowy Fundusz Ochrony \u015arodowiska i Gospodarki Wodnej (NFO\u015aIGW) uruchamia program wspieraj\u0105cy rozw\u00f3j stacji \u0142adowania pojazd\u00f3w ci\u0119\u017ckich, otwieraj\u0105c nowe mo\u017cliwo\u015bci dla firm transportowych, operator\u00f3w flot oraz inwestor\u00f3w infrastrukturalnych\ud83d\ude9b \ud83d\udd0b Dwa programy dotacyjne: 1. Budowa\/rozbudowa sieci elektroenergetycznych dla stacji \u0142adowania du\u017cych mocy 2. Wsparcie budowy og\u00f3lnodost\u0119pnych stacji \u0142adowania dla transportu ci\u0119\u017ckiego \ud83d\udccc &#8230; <\/p>\n","protected":false},"author":6,"featured_media":754,"comment_status":"closed","ping_status":"closed","sticky":false,"template":"","format":"standard","meta":{"footnotes":""},"categories":[17],"tags":[],"class_list":["post-753","post","type-post","status-publish","format-standard","has-post-thumbnail","hentry","category-aktualnosci"],"yoast_head":"<!-- This site is optimized with the Yoast SEO plugin v24.3 - https:\/\/yoast.com\/wordpress\/plugins\/seo\/ -->\n<title>Nowe wsparcie dla stacji \u0142adowania transportu ci\u0119\u017ckiego w Polsce! \ud83d\ude9b - Innergo Space<\/title>\n<meta name=\"robots\" content=\"index, follow, max-snippet:-1, max-image-preview:large, max-video-preview:-1\" \/>\n<link rel=\"canonical\" href=\"https:\/\/innergo.space\/infrastruktura-energetyczna\/\ud83d\ude9b\u26a1-nowe-wsparcie-dla-stacji-ladowania-transportu-ciezkiego-w-polsce-\u26a1\ud83d\ude9b\/\" \/>\n<meta property=\"og:locale\" content=\"pl_PL\" \/>\n<meta property=\"og:type\" content=\"article\" \/>\n<meta property=\"og:title\" content=\"Nowe wsparcie dla stacji \u0142adowania transportu ci\u0119\u017ckiego w Polsce! \ud83d\ude9b - Innergo Space\" \/>\n<meta property=\"og:description\" content=\"Od 31 marca 2025 r. Narodowy Fundusz Ochrony \u015arodowiska i Gospodarki Wodnej (NFO\u015aIGW) uruchamia program wspieraj\u0105cy rozw\u00f3j stacji \u0142adowania pojazd\u00f3w ci\u0119\u017ckich, otwieraj\u0105c nowe mo\u017cliwo\u015bci dla firm transportowych, operator\u00f3w flot oraz inwestor\u00f3w infrastrukturalnych\ud83d\ude9b \ud83d\udd0b Dwa programy dotacyjne: 1. Budowa\/rozbudowa sieci elektroenergetycznych dla stacji \u0142adowania du\u017cych mocy 2. Wsparcie budowy og\u00f3lnodost\u0119pnych stacji \u0142adowania dla transportu ci\u0119\u017ckiego \ud83d\udccc ...\" \/>\n<meta property=\"og:url\" content=\"https:\/\/innergo.space\/infrastruktura-energetyczna\/\ud83d\ude9b\u26a1-nowe-wsparcie-dla-stacji-ladowania-transportu-ciezkiego-w-polsce-\u26a1\ud83d\ude9b\/\" \/>\n<meta property=\"og:site_name\" content=\"Innergo Space\" \/>\n<meta property=\"article:published_time\" content=\"2025-03-14T10:10:42+00:00\" \/>\n<meta property=\"article:modified_time\" content=\"2025-03-14T10:15:19+00:00\" \/>\n<meta property=\"og:image\" content=\"https:\/\/innergo.space\/infrastruktura-energetyczna\/wp-content\/uploads\/2025\/03\/Zrzut-ekranu-2025-03-14-o-09.58.29.png\" \/>\n\t<meta property=\"og:image:width\" content=\"914\" \/>\n\t<meta property=\"og:image:height\" content=\"690\" \/>\n\t<meta property=\"og:image:type\" content=\"image\/png\" \/>\n<meta name=\"author\" content=\"Anna Kosiek\" \/>\n<meta name=\"twitter:card\" content=\"summary_large_image\" \/>\n<meta name=\"twitter:label1\" content=\"Napisane przez\" \/>\n\t<meta name=\"twitter:data1\" content=\"Anna Kosiek\" \/>\n\t<meta name=\"twitter:label2\" content=\"Szacowany czas czytania\" \/>\n\t<meta name=\"twitter:data2\" content=\"2 minuty\" \/>\n<script type=\"application\/ld+json\" class=\"yoast-schema-graph\">{\"@context\":\"https:\/\/schema.org\",\"@graph\":[{\"@type\":\"Article\",\"@id\":\"https:\/\/innergo.space\/infrastruktura-energetyczna\/%f0%9f%9a%9b%e2%9a%a1-nowe-wsparcie-dla-stacji-ladowania-transportu-ciezkiego-w-polsce-%e2%9a%a1%f0%9f%9a%9b\/#article\",\"isPartOf\":{\"@id\":\"https:\/\/innergo.space\/infrastruktura-energetyczna\/%f0%9f%9a%9b%e2%9a%a1-nowe-wsparcie-dla-stacji-ladowania-transportu-ciezkiego-w-polsce-%e2%9a%a1%f0%9f%9a%9b\/\"},\"author\":{\"name\":\"Anna Kosiek\",\"@id\":\"https:\/\/innergo.space\/#\/schema\/person\/d1fc3bad210c95ec33c093cba4dd00fc\"},\"headline\":\"Nowe wsparcie dla stacji \u0142adowania transportu ci\u0119\u017ckiego w Polsce! \ud83d\ude9b\",\"datePublished\":\"2025-03-14T10:10:42+00:00\",\"dateModified\":\"2025-03-14T10:15:19+00:00\",\"mainEntityOfPage\":{\"@id\":\"https:\/\/innergo.space\/infrastruktura-energetyczna\/%f0%9f%9a%9b%e2%9a%a1-nowe-wsparcie-dla-stacji-ladowania-transportu-ciezkiego-w-polsce-%e2%9a%a1%f0%9f%9a%9b\/\"},\"wordCount\":138,\"publisher\":{\"@id\":\"https:\/\/innergo.space\/#organization\"},\"image\":{\"@id\":\"https:\/\/innergo.space\/infrastruktura-energetyczna\/%f0%9f%9a%9b%e2%9a%a1-nowe-wsparcie-dla-stacji-ladowania-transportu-ciezkiego-w-polsce-%e2%9a%a1%f0%9f%9a%9b\/#primaryimage\"},\"thumbnailUrl\":\"https:\/\/innergo.space\/infrastruktura-energetyczna\/wp-content\/uploads\/2025\/03\/Zrzut-ekranu-2025-03-14-o-09.58.29.png\",\"articleSection\":[\"Aktualno\u015bci\"],\"inLanguage\":\"pl-PL\"},{\"@type\":\"WebPage\",\"@id\":\"https:\/\/innergo.space\/infrastruktura-energetyczna\/%f0%9f%9a%9b%e2%9a%a1-nowe-wsparcie-dla-stacji-ladowania-transportu-ciezkiego-w-polsce-%e2%9a%a1%f0%9f%9a%9b\/\",\"url\":\"https:\/\/innergo.space\/infrastruktura-energetyczna\/%f0%9f%9a%9b%e2%9a%a1-nowe-wsparcie-dla-stacji-ladowania-transportu-ciezkiego-w-polsce-%e2%9a%a1%f0%9f%9a%9b\/\",\"name\":\"Nowe wsparcie dla stacji \u0142adowania transportu ci\u0119\u017ckiego w Polsce! \ud83d\ude9b - Innergo Space\",\"isPartOf\":{\"@id\":\"https:\/\/innergo.space\/#website\"},\"primaryImageOfPage\":{\"@id\":\"https:\/\/innergo.space\/infrastruktura-energetyczna\/%f0%9f%9a%9b%e2%9a%a1-nowe-wsparcie-dla-stacji-ladowania-transportu-ciezkiego-w-polsce-%e2%9a%a1%f0%9f%9a%9b\/#primaryimage\"},\"image\":{\"@id\":\"https:\/\/innergo.space\/infrastruktura-energetyczna\/%f0%9f%9a%9b%e2%9a%a1-nowe-wsparcie-dla-stacji-ladowania-transportu-ciezkiego-w-polsce-%e2%9a%a1%f0%9f%9a%9b\/#primaryimage\"},\"thumbnailUrl\":\"https:\/\/innergo.space\/infrastruktura-energetyczna\/wp-content\/uploads\/2025\/03\/Zrzut-ekranu-2025-03-14-o-09.58.29.png\",\"datePublished\":\"2025-03-14T10:10:42+00:00\",\"dateModified\":\"2025-03-14T10:15:19+00:00\",\"breadcrumb\":{\"@id\":\"https:\/\/innergo.space\/infrastruktura-energetyczna\/%f0%9f%9a%9b%e2%9a%a1-nowe-wsparcie-dla-stacji-ladowania-transportu-ciezkiego-w-polsce-%e2%9a%a1%f0%9f%9a%9b\/#breadcrumb\"},\"inLanguage\":\"pl-PL\",\"potentialAction\":[{\"@type\":\"ReadAction\",\"target\":[\"https:\/\/innergo.space\/infrastruktura-energetyczna\/%f0%9f%9a%9b%e2%9a%a1-nowe-wsparcie-dla-stacji-ladowania-transportu-ciezkiego-w-polsce-%e2%9a%a1%f0%9f%9a%9b\/\"]}]},{\"@type\":\"ImageObject\",\"inLanguage\":\"pl-PL\",\"@id\":\"https:\/\/innergo.space\/infrastruktura-energetyczna\/%f0%9f%9a%9b%e2%9a%a1-nowe-wsparcie-dla-stacji-ladowania-transportu-ciezkiego-w-polsce-%e2%9a%a1%f0%9f%9a%9b\/#primaryimage\",\"url\":\"https:\/\/innergo.space\/infrastruktura-energetyczna\/wp-content\/uploads\/2025\/03\/Zrzut-ekranu-2025-03-14-o-09.58.29.png\",\"contentUrl\":\"https:\/\/innergo.space\/infrastruktura-energetyczna\/wp-content\/uploads\/2025\/03\/Zrzut-ekranu-2025-03-14-o-09.58.29.png\",\"width\":914,\"height\":690},{\"@type\":\"BreadcrumbList\",\"@id\":\"https:\/\/innergo.space\/infrastruktura-energetyczna\/%f0%9f%9a%9b%e2%9a%a1-nowe-wsparcie-dla-stacji-ladowania-transportu-ciezkiego-w-polsce-%e2%9a%a1%f0%9f%9a%9b\/#breadcrumb\",\"itemListElement\":[{\"@type\":\"ListItem\",\"position\":1,\"name\":\"Strona g\u0142\u00f3wna\",\"item\":\"http:\/\/innergo.space\/\"},{\"@type\":\"ListItem\",\"position\":2,\"name\":\"Nowe wsparcie dla stacji \u0142adowania transportu ci\u0119\u017ckiego w Polsce! \ud83d\ude9b\"}]},{\"@type\":\"WebSite\",\"@id\":\"https:\/\/innergo.space\/#website\",\"url\":\"https:\/\/innergo.space\/\",\"name\":\"Innergo Space\",\"description\":\"\",\"publisher\":{\"@id\":\"https:\/\/innergo.space\/#organization\"},\"potentialAction\":[{\"@type\":\"SearchAction\",\"target\":{\"@type\":\"EntryPoint\",\"urlTemplate\":\"https:\/\/innergo.space\/?s={search_term_string}\"},\"query-input\":{\"@type\":\"PropertyValueSpecification\",\"valueRequired\":true,\"valueName\":\"search_term_string\"}}],\"inLanguage\":\"pl-PL\"},{\"@type\":\"Organization\",\"@id\":\"https:\/\/innergo.space\/#organization\",\"name\":\"Innergo Space\",\"url\":\"https:\/\/innergo.space\/\",\"logo\":{\"@type\":\"ImageObject\",\"inLanguage\":\"pl-PL\",\"@id\":\"https:\/\/innergo.space\/#\/schema\/logo\/image\/\",\"url\":\"https:\/\/innergo.space\/infrastruktura-energetyczna\/wp-content\/uploads\/2021\/10\/INNERGO-SPACE.png\",\"contentUrl\":\"https:\/\/innergo.space\/infrastruktura-energetyczna\/wp-content\/uploads\/2021\/10\/INNERGO-SPACE.png\",\"width\":602,\"height\":77,\"caption\":\"Innergo Space\"},\"image\":{\"@id\":\"https:\/\/innergo.space\/#\/schema\/logo\/image\/\"}},{\"@type\":\"Person\",\"@id\":\"https:\/\/innergo.space\/#\/schema\/person\/d1fc3bad210c95ec33c093cba4dd00fc\",\"name\":\"Anna Kosiek\",\"image\":{\"@type\":\"ImageObject\",\"inLanguage\":\"pl-PL\",\"@id\":\"https:\/\/innergo.space\/#\/schema\/person\/image\/\",\"url\":\"https:\/\/secure.gravatar.com\/avatar\/d4b152eec7bf8b889446b14e8c6bdce9?s=96&d=mm&r=g\",\"contentUrl\":\"https:\/\/secure.gravatar.com\/avatar\/d4b152eec7bf8b889446b14e8c6bdce9?s=96&d=mm&r=g\",\"caption\":\"Anna Kosiek\"},\"url\":\"https:\/\/innergo.space\/infrastruktura-energetyczna\/author\/akosiek\/\"}]}<\/script>\n<!-- \/ Yoast SEO plugin. -->","yoast_head_json":{"title":"Nowe wsparcie dla stacji \u0142adowania transportu ci\u0119\u017ckiego w Polsce! \ud83d\ude9b - Innergo Space","robots":{"index":"index","follow":"follow","max-snippet":"max-snippet:-1","max-image-preview":"max-image-preview:large","max-video-preview":"max-video-preview:-1"},"canonical":"https:\/\/innergo.space\/infrastruktura-energetyczna\/\ud83d\ude9b\u26a1-nowe-wsparcie-dla-stacji-ladowania-transportu-ciezkiego-w-polsce-\u26a1\ud83d\ude9b\/","og_locale":"pl_PL","og_type":"article","og_title":"Nowe wsparcie dla stacji \u0142adowania transportu ci\u0119\u017ckiego w Polsce! \ud83d\ude9b - Innergo Space","og_description":"Od 31 marca 2025 r. Narodowy Fundusz Ochrony \u015arodowiska i Gospodarki Wodnej (NFO\u015aIGW) uruchamia program wspieraj\u0105cy rozw\u00f3j stacji \u0142adowania pojazd\u00f3w ci\u0119\u017ckich, otwieraj\u0105c nowe mo\u017cliwo\u015bci dla firm transportowych, operator\u00f3w flot oraz inwestor\u00f3w infrastrukturalnych\ud83d\ude9b \ud83d\udd0b Dwa programy dotacyjne: 1. Budowa\/rozbudowa sieci elektroenergetycznych dla stacji \u0142adowania du\u017cych mocy 2. Wsparcie budowy og\u00f3lnodost\u0119pnych stacji \u0142adowania dla transportu ci\u0119\u017ckiego \ud83d\udccc ...","og_url":"https:\/\/innergo.space\/infrastruktura-energetyczna\/\ud83d\ude9b\u26a1-nowe-wsparcie-dla-stacji-ladowania-transportu-ciezkiego-w-polsce-\u26a1\ud83d\ude9b\/","og_site_name":"Innergo Space","article_published_time":"2025-03-14T10:10:42+00:00","article_modified_time":"2025-03-14T10:15:19+00:00","og_image":[{"width":914,"height":690,"url":"https:\/\/innergo.space\/infrastruktura-energetyczna\/wp-content\/uploads\/2025\/03\/Zrzut-ekranu-2025-03-14-o-09.58.29.png","type":"image\/png"}],"author":"Anna Kosiek","twitter_card":"summary_large_image","twitter_misc":{"Napisane przez":"Anna Kosiek","Szacowany czas czytania":"2 minuty"},"schema":{"@context":"https:\/\/schema.org","@graph":[{"@type":"Article","@id":"https:\/\/innergo.space\/infrastruktura-energetyczna\/%f0%9f%9a%9b%e2%9a%a1-nowe-wsparcie-dla-stacji-ladowania-transportu-ciezkiego-w-polsce-%e2%9a%a1%f0%9f%9a%9b\/#article","isPartOf":{"@id":"https:\/\/innergo.space\/infrastruktura-energetyczna\/%f0%9f%9a%9b%e2%9a%a1-nowe-wsparcie-dla-stacji-ladowania-transportu-ciezkiego-w-polsce-%e2%9a%a1%f0%9f%9a%9b\/"},"author":{"name":"Anna Kosiek","@id":"https:\/\/innergo.space\/#\/schema\/person\/d1fc3bad210c95ec33c093cba4dd00fc"},"headline":"Nowe wsparcie dla stacji \u0142adowania transportu ci\u0119\u017ckiego w Polsce! \ud83d\ude9b","datePublished":"2025-03-14T10:10:42+00:00","dateModified":"2025-03-14T10:15:19+00:00","mainEntityOfPage":{"@id":"https:\/\/innergo.space\/infrastruktura-energetyczna\/%f0%9f%9a%9b%e2%9a%a1-nowe-wsparcie-dla-stacji-ladowania-transportu-ciezkiego-w-polsce-%e2%9a%a1%f0%9f%9a%9b\/"},"wordCount":138,"publisher":{"@id":"https:\/\/innergo.space\/#organization"},"image":{"@id":"https:\/\/innergo.space\/infrastruktura-energetyczna\/%f0%9f%9a%9b%e2%9a%a1-nowe-wsparcie-dla-stacji-ladowania-transportu-ciezkiego-w-polsce-%e2%9a%a1%f0%9f%9a%9b\/#primaryimage"},"thumbnailUrl":"https:\/\/innergo.space\/infrastruktura-energetyczna\/wp-content\/uploads\/2025\/03\/Zrzut-ekranu-2025-03-14-o-09.58.29.png","articleSection":["Aktualno\u015bci"],"inLanguage":"pl-PL"},{"@type":"WebPage","@id":"https:\/\/innergo.space\/infrastruktura-energetyczna\/%f0%9f%9a%9b%e2%9a%a1-nowe-wsparcie-dla-stacji-ladowania-transportu-ciezkiego-w-polsce-%e2%9a%a1%f0%9f%9a%9b\/","url":"https:\/\/innergo.space\/infrastruktura-energetyczna\/%f0%9f%9a%9b%e2%9a%a1-nowe-wsparcie-dla-stacji-ladowania-transportu-ciezkiego-w-polsce-%e2%9a%a1%f0%9f%9a%9b\/","name":"Nowe wsparcie dla stacji \u0142adowania transportu ci\u0119\u017ckiego w Polsce! \ud83d\ude9b - Innergo Space","isPartOf":{"@id":"https:\/\/innergo.space\/#website"},"primaryImageOfPage":{"@id":"https:\/\/innergo.space\/infrastruktura-energetyczna\/%f0%9f%9a%9b%e2%9a%a1-nowe-wsparcie-dla-stacji-ladowania-transportu-ciezkiego-w-polsce-%e2%9a%a1%f0%9f%9a%9b\/#primaryimage"},"image":{"@id":"https:\/\/innergo.space\/infrastruktura-energetyczna\/%f0%9f%9a%9b%e2%9a%a1-nowe-wsparcie-dla-stacji-ladowania-transportu-ciezkiego-w-polsce-%e2%9a%a1%f0%9f%9a%9b\/#primaryimage"},"thumbnailUrl":"https:\/\/innergo.space\/infrastruktura-energetyczna\/wp-content\/uploads\/2025\/03\/Zrzut-ekranu-2025-03-14-o-09.58.29.png","datePublished":"2025-03-14T10:10:42+00:00","dateModified":"2025-03-14T10:15:19+00:00","breadcrumb":{"@id":"https:\/\/innergo.space\/infrastruktura-energetyczna\/%f0%9f%9a%9b%e2%9a%a1-nowe-wsparcie-dla-stacji-ladowania-transportu-ciezkiego-w-polsce-%e2%9a%a1%f0%9f%9a%9b\/#breadcrumb"},"inLanguage":"pl-PL","potentialAction":[{"@type":"ReadAction","target":["https:\/\/innergo.space\/infrastruktura-energetyczna\/%f0%9f%9a%9b%e2%9a%a1-nowe-wsparcie-dla-stacji-ladowania-transportu-ciezkiego-w-polsce-%e2%9a%a1%f0%9f%9a%9b\/"]}]},{"@type":"ImageObject","inLanguage":"pl-PL","@id":"https:\/\/innergo.space\/infrastruktura-energetyczna\/%f0%9f%9a%9b%e2%9a%a1-nowe-wsparcie-dla-stacji-ladowania-transportu-ciezkiego-w-polsce-%e2%9a%a1%f0%9f%9a%9b\/#primaryimage","url":"https:\/\/innergo.space\/infrastruktura-energetyczna\/wp-content\/uploads\/2025\/03\/Zrzut-ekranu-2025-03-14-o-09.58.29.png","contentUrl":"https:\/\/innergo.space\/infrastruktura-energetyczna\/wp-content\/uploads\/2025\/03\/Zrzut-ekranu-2025-03-14-o-09.58.29.png","width":914,"height":690},{"@type":"BreadcrumbList","@id":"https:\/\/innergo.space\/infrastruktura-energetyczna\/%f0%9f%9a%9b%e2%9a%a1-nowe-wsparcie-dla-stacji-ladowania-transportu-ciezkiego-w-polsce-%e2%9a%a1%f0%9f%9a%9b\/#breadcrumb","itemListElement":[{"@type":"ListItem","position":1,"name":"Strona g\u0142\u00f3wna","item":"http:\/\/innergo.space\/"},{"@type":"ListItem","position":2,"name":"Nowe wsparcie dla stacji \u0142adowania transportu ci\u0119\u017ckiego w Polsce! \ud83d\ude9b"}]},{"@type":"WebSite","@id":"https:\/\/innergo.space\/#website","url":"https:\/\/innergo.space\/","name":"Innergo Space","description":"","publisher":{"@id":"https:\/\/innergo.space\/#organization"},"potentialAction":[{"@type":"SearchAction","target":{"@type":"EntryPoint","urlTemplate":"https:\/\/innergo.space\/?s={search_term_string}"},"query-input":{"@type":"PropertyValueSpecification","valueRequired":true,"valueName":"search_term_string"}}],"inLanguage":"pl-PL"},{"@type":"Organization","@id":"https:\/\/innergo.space\/#organization","name":"Innergo Space","url":"https:\/\/innergo.space\/","logo":{"@type":"ImageObject","inLanguage":"pl-PL","@id":"https:\/\/innergo.space\/#\/schema\/logo\/image\/","url":"https:\/\/innergo.space\/infrastruktura-energetyczna\/wp-content\/uploads\/2021\/10\/INNERGO-SPACE.png","contentUrl":"https:\/\/innergo.space\/infrastruktura-energetyczna\/wp-content\/uploads\/2021\/10\/INNERGO-SPACE.png","width":602,"height":77,"caption":"Innergo Space"},"image":{"@id":"https:\/\/innergo.space\/#\/schema\/logo\/image\/"}},{"@type":"Person","@id":"https:\/\/innergo.space\/#\/schema\/person\/d1fc3bad210c95ec33c093cba4dd00fc","name":"Anna Kosiek","image":{"@type":"ImageObject","inLanguage":"pl-PL","@id":"https:\/\/innergo.space\/#\/schema\/person\/image\/","url":"https:\/\/secure.gravatar.com\/avatar\/d4b152eec7bf8b889446b14e8c6bdce9?s=96&d=mm&r=g","contentUrl":"https:\/\/secure.gravatar.com\/avatar\/d4b152eec7bf8b889446b14e8c6bdce9?s=96&d=mm&r=g","caption":"Anna Kosiek"},"url":"https:\/\/innergo.space\/infrastruktura-energetyczna\/author\/akosiek\/"}]}},"_links":{"self":[{"href":"https:\/\/innergo.space\/infrastruktura-energetyczna\/wp-json\/wp\/v2\/posts\/753","targetHints":{"allow":["GET"]}}],"collection":[{"href":"https:\/\/innergo.space\/infrastruktura-energetyczna\/wp-json\/wp\/v2\/posts"}],"about":[{"href":"https:\/\/innergo.space\/infrastruktura-energetyczna\/wp-json\/wp\/v2\/types\/post"}],"author":[{"embeddable":true,"href":"https:\/\/innergo.space\/infrastruktura-energetyczna\/wp-json\/wp\/v2\/users\/6"}],"replies":[{"embeddable":true,"href":"https:\/\/innergo.space\/infrastruktura-energetyczna\/wp-json\/wp\/v2\/comments?post=753"}],"version-history":[{"count":5,"href":"https:\/\/innergo.space\/infrastruktura-energetyczna\/wp-json\/wp\/v2\/posts\/753\/revisions"}],"predecessor-version":[{"id":759,"href":"https:\/\/innergo.space\/infrastruktura-energetyczna\/wp-json\/wp\/v2\/posts\/753\/revisions\/759"}],"wp:featuredmedia":[{"embeddable":true,"href":"https:\/\/innergo.space\/infrastruktura-energetyczna\/wp-json\/wp\/v2\/media\/754"}],"wp:attachment":[{"href":"https:\/\/innergo.space\/infrastruktura-energetyczna\/wp-json\/wp\/v2\/media?parent=753"}],"wp:term":[{"taxonomy":"category","embeddable":true,"href":"https:\/\/innergo.space\/infrastruktura-energetyczna\/wp-json\/wp\/v2\/categories?post=753"},{"taxonomy":"post_tag","embeddable":true,"href":"https:\/\/innergo.space\/infrastruktura-energetyczna\/wp-json\/wp\/v2\/tags?post=753"}],"curies":[{"name":"wp","href":"https:\/\/api.w.org\/{rel}","templated":true}]}}